{"id":116,"date":"2012-09-12T22:21:00","date_gmt":"2012-09-12T22:21:00","guid":{"rendered":"http:\/\/www.montsegcastillo.com\/lacometaroja\/uncategorized\/boxeador-a-los-37\/"},"modified":"2026-09-03T12:13:32","modified_gmt":"2026-09-03T12:13:32","slug":"boxeador-a-los-37","status":"publish","type":"post","link":"https:\/\/www.montsegcastillo.com\/lacometaroja\/deportes-de-contacto\/boxeador-a-los-37\/","title":{"rendered":"Boxeador a los 37"},"content":{"rendered":"<div style=\"clear: both; text-align: center;\"><a href=\"http:\/\/www.montsegcastillo.com\/lacometaroja\/wp-content\/uploads\/2012\/09\/sergioM.jpg\"><img loading=\"lazy\" decoding=\"async\" class=\"aligncenter size-full wp-image-476\" src=\"http:\/\/www.montsegcastillo.com\/lacometaroja\/wp-content\/uploads\/2012\/09\/sergioM.jpg\" alt=\"sergioM\" width=\"1000\" height=\"1000\" srcset=\"https:\/\/www.montsegcastillo.com\/lacometaroja\/wp-content\/uploads\/2012\/09\/sergioM.jpg 1000w, https:\/\/www.montsegcastillo.com\/lacometaroja\/wp-content\/uploads\/2012\/09\/sergioM-150x150.jpg 150w, https:\/\/www.montsegcastillo.com\/lacometaroja\/wp-content\/uploads\/2012\/09\/sergioM-300x300.jpg 300w, https:\/\/www.montsegcastillo.com\/lacometaroja\/wp-content\/uploads\/2012\/09\/sergioM-326x326.jpg 326w, https:\/\/www.montsegcastillo.com\/lacometaroja\/wp-content\/uploads\/2012\/09\/sergioM-700x700.jpg 700w\" sizes=\"auto, (max-width: 1000px) 100vw, 1000px\" \/><\/a><\/div>\n<p>Victoria<\/p>\n<p>\u201cSi sue\u00f1as siquiera con derrotarme es mejor que te despiertes y te disculpes\u201d<\/p>\n<div>Muhamad Al\u00ed.<\/div>\n<p>Dice en su libro \u00abFuera de la cabeza\u00bb Alba No\u00e9&#8230;<br \/>\nLa investigacion neurocientifica de la conciencia se asienta actualmente sobre unas bases no cuestionadas, pero muy cuestionables. La naturaleza humana no es mas misteriosa ahora que hace cien a\u00f1os. Si queremos entender nuestra naturaleza, tenemos que empezar de nuevo.<br \/>\nCon estas palabras, con esos pensamientos o con estas teorias, queda demostrado que cada dia es mas dificil abandonar y superar nuestra edad del \u00abpor que\u00bb..?<br \/>\nSegun la ciencia convencional, todo lo que somos, hacemos, decidimos y o creamos pasa por unas moleculas depositadas en tal o cual porcion de nuestro cerebro. Creemos que la mente es el cerebro. Mi pregunta es; la memoria, la conciencia, la emocion o los sentimientos, de donde provienen..? Del cerebro? O de otro recondito sitio de nuestro cuerpo?<br \/>\nProvienen de un conjunto y un amasijo de celulas depositadas en el interior de nuestra masa cerebral?<br \/>\nComo es posible que la ciencia pueda probar que de algo intangible, bioquimico surge el pensamiento? Mi punto de vista me indica que lo cientifico es una forma de aproximarse a lo real. no siempre es el cien por cien de la verdad.<br \/>\nExiste un \u00abalma\u00bb sobrenatural dentro de cada uno..? Somos solo la mente o somos solo el cerebro manejando nuestras decisiones?<br \/>\nQuien lleva las riendas en nuestro ser? Ojala nuestro \u00abotro yo\u00bb sea manejado a conciencia por una minima porcion al menos de nuestro lado mas humanizado y terrenal.<br \/>\nMi pregunta continua aqui, en mi mente, o en mi cerebro. Porque boxeo? Porque elegi ser boxeador..?<br \/>\nEs un universo paralelamente tan distante de mis sentimientos cotidianos que me cuesta no reflexionar ni hacer incapi\u00e9 sobre esta cuesti\u00f3n. A esta altura de mi vida deportiva, a esta hora de mi existencia ya mas cercana al ocaso de una vida dedicada al pugilismo suena casi descabellado plantearse y replantearse tama\u00f1a pregunta. Pero, en fin. Aqui estoy, otra vez sentado frente al ordenador y con mi teclado crujiendo con el roze de mis dedos.<\/p>\n<p>A las 33 semanas de vida comenzamos a so\u00f1ar. Cuando estamos en periodo de gestacion, cuando aun nuestro cuerpo fisico apenas comienza a salir de su forma humanoide para parecerse recien a lo que se puede llamar ser humano. A nuestras 33 semanas de gestacion comenzamos a so\u00f1ar, nadie sabe con que ni porque. Ser\u00e1 tal vez una mera transferencia mediante una coneccion psiquica con nuestra madre. O tal vez comience a funcionar de manera activa algo llamado subconciente cerebral. Sera fundamental para predeterminar nuestra vida en el futuro?<br \/>\nHoy, en forma de flashes so\u00f1amos deseos. Traumas y demas detalles tal vez vividos, quiza no superados a lo largo de nuestra vida. So\u00f1amos fantasias y anhelos. Pesadillas inconmensurables y miedos que a veces nos devoran. Lo importante, es so\u00f1ar. Y, si so\u00f1amos.. Quien envia esas se\u00f1ales? Nuestro cerebro? Eso significa que \u00b4por supuesto no controlamos nuestro subconciente, de ahi dicho nombre y, si yo boxeo, controlo mi lado de conciencia mas pura? Porque, es estado de conciencia natural humana el golpear, da\u00f1ar y buscar aniquilaci\u00f3n de un hombre de carne y huesos? Mi pregunta, dada su simple complejidad se asienta en sus bases mas primitivas para buscar su respuesta. Pelean los peleadores. Luchan los guerreros y soldados. Matan los asesinos por naturaleza.<br \/>\nEntonces, donde radica el gen que me dirigi\u00f3 desde mi primer dia alla por el a\u00f1o 1995 a un gimnasio de boxeo y eligi\u00f3 enfundar unos guantes en cada una de mis manos? Fui yo, o fue ese lado animal que todo ser lleva en s\u00ed? \u00abLos boxeadores boxean\u00bb.. Dirian en una de las secuelas de Rocky. Mis preguntas siguen. Yo eleg\u00ed boxear? O fue mi estado de inconciencia elemental quien me indic\u00f3 que ahi estaba mi destino?<br \/>\nEs extra\u00f1o esto del boxeo me dije algun vez, ahora lo repito. Apenas mover mi cuerpo cual tosco fajador intenta sorprender a propios y extra\u00f1os en sus primeros intentos de simulacro de pelea supe que habia encontrado una respuesta. Por fin una respuesta en mi vida!! No fueron esos movimientos los que me daban las pautas de que era el paso correcto comenzar a practicar este deporte. Fue un golpe pero de aire puro en mi espiritu combativo, una llama que se encendi\u00f3 en mi interior comenzando a forjar ese fuego sagrado que me mantuvo vivo aun estando sumergido en etapas donde el abismo era infinito. mi gran pregunta es: \u00abEleg\u00ed boxear porque me gusta, o me eligi\u00f3 el boxeo porque gusta de mi\u00bb?<br \/>\nLa respuesta es la misma. Tuvimos una fusion, una mutua atraccion en el cual el destino era uno solo para ambos. Mi destino se llama\u00bbVictoria\u00bb, y se que est\u00e1 ahi, frente a mi. De mi depende. De mi y de nadie mas. El fuego sagrado me empuja dia tras dia, mi cuerpo hace el trabajo duro, mi mente el trabajo fino, mi conciencia no me deja olvidar mi pasado, y mi subconciencia hace el trabajo sucio (prefiero echar la culpa a ella, me es mas facil y mas barato&#8230; No gastar\u00e9 en psicoanalisis)<br \/>\nHoy, 17 a\u00f1os despues de haber dado mi primer paso en el boxeo sigo tan seguro de mi mismo que a veces debo remitirme a los frios resultados y estadisticas para darme cuenta que s\u00ed. Que estoy en lo cierto y no habla a traves de mis labios la soberbia prepotencia. Sin claves, sin misterios. Tan solo respeto los codigos basicos de responsabilidad deportiva, personal y social. Los talones de mi fertil carrera.<br \/>\nEstoy a un paso de transpasar la historia con mis pu\u00f1os, de calar en la memoria de ustedes. lo siento en mis venas al oir el rugido de mi sangre y el crepitar de mi fuego.<br \/>\nSe que lo lograr\u00e9 por dos razones. \u00abPorque esta escrito, o porque debia escribirlo yo.\u00bb<br \/>\nAhi est\u00e1 mi camino. Con una linea trazada donde mis pasos me llevaran a destino. No hay estrellas que me guien, ni a ti ni a nadie guiar\u00e1 ningun retazo de luz perdido ni fugaz cada noche. Solo es eso, un brillo de luz perdido en la noche. No existe dicha suerte. \u00abSuerte\u00bb es una excusa inventada para esconder nuestra medioccre vulgar ineptitud, \u00absuerte\u00bb es para los escepticos algo que en sus mentes insinua aparecer pero se les escabulle de sus manos. No la controlan, tan solo por el echo de querer controlar una parte de un todo que deberian, pero por incapacidad, o inseguridad la dejan libre a eleccion del destino. A ese destino le llaman\u00bbcuota de suerte\u00bb.<br \/>\nNo creo en falsas deidades. Es una chispa de luz necesaria para quien deje un resquicio sin cubrir en su vida, y trasladado a todo orden. Yo, trabajo por cubrirlo y, sino lo hice, es culpa mia, lo se y lo asumo. No puedo ser hipocrita de jactarme de trabajador y talentoso cuando algo lo hago bien, y de desafortunado cuando sucede lo contrario. Lucho, porque esa cuota de tal\u00bbfortuna\u00bbse reduzca al minimo. Aunque, reconozco que siempre estar\u00e1 la porcion que mi rival aporte. Si \u00e9l trabaja, aumentar\u00e1 sus posibilidades de conseguir el exito. En mi caso, pelear\u00e9, combatir\u00e9 y luchar\u00e9 para que esa porci\u00f3n se reduzca a\u00bbcero\u00bb.<br \/>\nEsta vez no contabilizar\u00e9 los tiempos de mi preparacion como lo hago de costumbre. No lo har\u00e9 dividiendola en semanas. Sera hora por hora la evolucion que exigir\u00e9 a mi cuerpo, a mi mente y mi espiritu. Tres guerreros en mi, sin contar el adicional. El \u00abextra\u00bb que me ofrece a mi mismo mi propio corazon. Bombeando sangre latina, sangre caliente alimentando mi vida, mi alma y mi pasion por esta empresa en la cual pondr\u00e9 mis fichas. Todas, en el tablero del Thomas and Mack Center. En un pa\u00f1o donde la planificacion que llevar\u00e9 a cabo, sera ni mas ni menos que una fria y calculada partida de villar. Donde los movimientos seran milimetricamente estudiados.<br \/>\nCada dia desde el principio de mi ciclo, mi evoluci\u00f3n es notable. No me importan los dolores, las molestias y lesiones que acechan mis 37 Febreros. No, nada de eso pondr\u00e1 un freno en mi pecho.<br \/>\nNi los kilometros de vendaje que dia y noche recubren mis da\u00f1os siquiera pueden apagar mi fuego, ni mi luz. Estoy con un objetivo en mi entrecejo y no hay chances de saciar mi sed de triunfo. Mi futuro tiene solo un nombre. Hoy, es julio Cesar Chavez Jr. Y lo siento por \u00e9l. Es quien pagara en efectivo una deuda generada por una jauria de lobos hambrientos de tiernos corderos. Donde un dia fui presa de sus garras, de sus afilados colmillos. Esa deuda pendiente es paralelamente proporcional al esfuerzo ejecutado durante 8 semanas por todos mis musculos. Por eso amigos repito, que mi vida dar\u00e9 por recuperar un trozo de cuero verde y metal dorado que jamas perd\u00ed en un cuadrilatero.<br \/>\nComienza la batalla. No ser\u00e1 ese 15 de Septiembre del a\u00f1o 2012 el dia cuando comience a tejer con los hilos de la historia, lo que fue la lucha por la recuperacion de la faja verde y dorada de las 160 libras del WBC. No, antes, muchas horas antes despert\u00e9 ese monstruo feroz, ese depredador que sino voy a la lucha, me devora a mi mismo. Ese que miro al espejo cada ma\u00f1ana y tiene cara de tipo normal, que me saluda con una sonrisa y me brinda un apoyo incondicional, es ese\u00bbalter ego\u00bb con el pelo largo, el traje rasgado y su andar desordenado. Esa fiera que busca justicia y que lucha con sus pu\u00f1os buscando el equilibrio de la balanza de Arthemis.. (A veces, hay que recurrir a un dios cuando los culpables son innombrables..) Mi monstruo no solo pide victoria, pide justicia. Equilibrio para un mundo de narices chatas y pibes de barrio que a fuerza de instinto propio, a pu\u00f1os descubiertos pelearian por romper sus cadenas que atan sus pies a la miseria. Para poseer la dignidad de elegir vivir bajo un regimen o en la libertad mas absoluta. Para pelear por la verdad. Por la unica verdad.<br \/>\nEste 15 de Septiembre de 2012 sera otra fecha inolvidable para mi. Para el pibe de Claypole, de Quilmes y de Madrid. Sera inolvidable porque mas de 40 millones de pu\u00f1os se alzaran conmigo. Millones de mi tierra, de mi raza. Lo haremos posible entre todos. Lo hare posible por todos.<br \/>\nHasta la Victoria siempre.<\/p>\n<p>Sergio Martinez<\/p>\n<div><\/div>\n<div>Fotograf\u00eda: Montse Castillo \/ Texto: Sergio Gabriel Mart\u00ednez<\/div>\n<p>&nbsp;<\/p>\n","protected":false},"excerpt":{"rendered":"<p>Victoria \u201cSi sue\u00f1as siquiera con derrotarme es mejor que te despiertes y te disculpes\u201d Muhamad Al\u00ed. Dice en su libro \u00abFuera de la cabeza\u00bb Alba No\u00e9&#8230; La investigacion neurocientifica de la conciencia se asienta actualmente sobre unas bases no cuestionadas, pero muy cuestionables. La naturaleza humana no es mas misteriosa ahora que hace cien a\u00f1os. &#8230; <span class=\"more\"><a class=\"more-link\" href=\"https:\/\/www.montsegcastillo.com\/lacometaroja\/deportes-de-contacto\/boxeador-a-los-37\/\">[Read more&#8230;]<\/a><\/span><\/p>\n","protected":false},"author":1,"featured_media":476,"comment_status":"closed","ping_status":"open","sticky":false,"template":"","format":"standard","meta":{"ngg_post_thumbnail":0,"_jetpack_newsletter_access":"","_jetpack_dont_email_post_to_subs":false,"_jetpack_newsletter_tier_id":0,"_jetpack_memberships_contains_paywalled_content":false,"_jetpack_feature_clip_id":0,"_jetpack_memberships_contains_paid_content":false,"footnotes":"","jetpack_publicize_message":"undefined","jetpack_publicize_feature_enabled":true,"jetpack_social_post_already_shared":false,"jetpack_social_options":{"image_generator_settings":{"template":"highway","default_image_id":0,"font":"","enabled":false},"version":2},"jetpack_post_was_ever_published":false},"categories":[9,7,8,25],"tags":[],"class_list":["entry","post","publish","author-admin","post-116","format-standard","has-post-thumbnail","category-color","category-deportes-de-contacto","category-retrato","category-sergio-maravilla-martinez"],"jetpack_publicize_connections":[],"jetpack_sharing_enabled":true,"jetpack_shortlink":"https:\/\/wp.me\/p4YOqD-1S","jetpack_featured_media_url":"https:\/\/www.montsegcastillo.com\/lacometaroja\/wp-content\/uploads\/2012\/09\/sergioM.jpg","_links":{"self":[{"href":"https:\/\/www.montsegcastillo.com\/lacometaroja\/wp-json\/wp\/v2\/posts\/116","targetHints":{"allow":["GET"]}}],"collection":[{"href":"https:\/\/www.montsegcastillo.com\/lacometaroja\/wp-json\/wp\/v2\/posts"}],"about":[{"href":"https:\/\/www.montsegcastillo.com\/lacometaroja\/wp-json\/wp\/v2\/types\/post"}],"author":[{"embeddable":true,"href":"https:\/\/www.montsegcastillo.com\/lacometaroja\/wp-json\/wp\/v2\/users\/1"}],"replies":[{"embeddable":true,"href":"https:\/\/www.montsegcastillo.com\/lacometaroja\/wp-json\/wp\/v2\/comments?post=116"}],"version-history":[{"count":2,"href":"https:\/\/www.montsegcastillo.com\/lacometaroja\/wp-json\/wp\/v2\/posts\/116\/revisions"}],"predecessor-version":[{"id":1845,"href":"https:\/\/www.montsegcastillo.com\/lacometaroja\/wp-json\/wp\/v2\/posts\/116\/revisions\/1845"}],"wp:featuredmedia":[{"embeddable":true,"href":"https:\/\/www.montsegcastillo.com\/lacometaroja\/wp-json\/wp\/v2\/media\/476"}],"wp:attachment":[{"href":"https:\/\/www.montsegcastillo.com\/lacometaroja\/wp-json\/wp\/v2\/media?parent=116"}],"wp:term":[{"taxonomy":"category","embeddable":true,"href":"https:\/\/www.montsegcastillo.com\/lacometaroja\/wp-json\/wp\/v2\/categories?post=116"},{"taxonomy":"post_tag","embeddable":true,"href":"https:\/\/www.montsegcastillo.com\/lacometaroja\/wp-json\/wp\/v2\/tags?post=116"}],"curies":[{"name":"wp","href":"https:\/\/api.w.org\/{rel}","templated":true}]}}