{"id":122,"date":"2012-08-24T20:17:00","date_gmt":"2012-08-24T20:17:00","guid":{"rendered":"http:\/\/www.montsegcastillo.com\/lacometaroja\/uncategorized\/y-llego-el-color\/"},"modified":"2026-09-03T12:13:32","modified_gmt":"2026-09-03T12:13:32","slug":"y-llego-el-color","status":"publish","type":"post","link":"https:\/\/www.montsegcastillo.com\/lacometaroja\/deportes-de-contacto\/y-llego-el-color\/","title":{"rendered":"Y lleg\u00f3 el color"},"content":{"rendered":"<div style=\"clear: both; text-align: center;\"><a href=\"http:\/\/www.montsegcastillo.com\/lacometaroja\/wp-content\/uploads\/2012\/08\/guantes.jpg\"><img loading=\"lazy\" decoding=\"async\" class=\"aligncenter size-full wp-image-482\" src=\"http:\/\/www.montsegcastillo.com\/lacometaroja\/wp-content\/uploads\/2012\/08\/guantes.jpg\" alt=\"guantes\" width=\"1000\" height=\"1000\" srcset=\"https:\/\/www.montsegcastillo.com\/lacometaroja\/wp-content\/uploads\/2012\/08\/guantes.jpg 1000w, https:\/\/www.montsegcastillo.com\/lacometaroja\/wp-content\/uploads\/2012\/08\/guantes-150x150.jpg 150w, https:\/\/www.montsegcastillo.com\/lacometaroja\/wp-content\/uploads\/2012\/08\/guantes-300x300.jpg 300w, https:\/\/www.montsegcastillo.com\/lacometaroja\/wp-content\/uploads\/2012\/08\/guantes-326x326.jpg 326w, https:\/\/www.montsegcastillo.com\/lacometaroja\/wp-content\/uploads\/2012\/08\/guantes-700x700.jpg 700w\" sizes=\"auto, (max-width: 1000px) 100vw, 1000px\" \/><\/a><\/div>\n<div style=\"font-weight: normal; text-align: justify;\" data-ft=\"{&quot;type&quot;:1,&quot;tn&quot;:&quot;K&quot;}\"><span data-ft=\"{&quot;type&quot;:3}\">Montse Castillo y el boxeo en color ?<br \/>\nA veces nos mantenemos cerrados creyendo que as\u00ed somos fieles a nosotros mismos. Buscando ese estilo en el que deseamos nos reconozcan, olvidamos que la evoluci\u00f3n y el progreso no nos restan esencia. Y m\u00e1s cuando en fotograf\u00eda lo que cuenta es la mirada, la vistas como la vistas.<\/span><\/div>\n<div style=\"font-weight: normal; text-align: justify;\" data-ft=\"{&quot;type&quot;:1,&quot;tn&quot;:&quot;K&quot;}\"><\/div>\n<div style=\"font-weight: normal; text-align: center;\" data-ft=\"{&quot;type&quot;:1,&quot;tn&quot;:&quot;K&quot;}\"><span data-ft=\"{&quot;type&quot;:3}\"><span style=\"font-size: x-small;\">Fotograf\u00eda y Texto: Montse Castillo <\/span><\/span><\/div>\n<div><\/div>\n","protected":false},"excerpt":{"rendered":"<p>Montse Castillo y el boxeo en color ? A veces nos mantenemos cerrados creyendo que as\u00ed somos fieles a nosotros mismos. Buscando ese estilo en el que deseamos nos reconozcan, olvidamos que la evoluci\u00f3n y el progreso no nos restan esencia. Y m\u00e1s cuando en fotograf\u00eda lo que cuenta es la mirada, la vistas como &#8230; <span class=\"more\"><a class=\"more-link\" href=\"https:\/\/www.montsegcastillo.com\/lacometaroja\/deportes-de-contacto\/y-llego-el-color\/\">[Read more&#8230;]<\/a><\/span><\/p>\n","protected":false},"author":1,"featured_media":482,"comment_status":"closed","ping_status":"open","sticky":false,"template":"","format":"standard","meta":{"ngg_post_thumbnail":0,"_jetpack_newsletter_access":"","_jetpack_dont_email_post_to_subs":false,"_jetpack_newsletter_tier_id":0,"_jetpack_memberships_contains_paywalled_content":false,"_jetpack_feature_clip_id":0,"_jetpack_memberships_contains_paid_content":false,"footnotes":"","jetpack_publicize_message":"","jetpack_publicize_feature_enabled":true,"jetpack_social_post_already_shared":false,"jetpack_social_options":{"image_generator_settings":{"template":"highway","default_image_id":0,"font":"","enabled":false},"version":2},"jetpack_post_was_ever_published":false},"categories":[9,7,19,16,13],"tags":[],"class_list":["entry","post","publish","author-admin","post-122","format-standard","has-post-thumbnail","category-color","category-deportes-de-contacto","category-historias","category-personal","category-textomontse"],"jetpack_publicize_connections":[],"jetpack_sharing_enabled":true,"jetpack_shortlink":"https:\/\/wp.me\/p4YOqD-1Y","jetpack_featured_media_url":"https:\/\/www.montsegcastillo.com\/lacometaroja\/wp-content\/uploads\/2012\/08\/guantes.jpg","_links":{"self":[{"href":"https:\/\/www.montsegcastillo.com\/lacometaroja\/wp-json\/wp\/v2\/posts\/122","targetHints":{"allow":["GET"]}}],"collection":[{"href":"https:\/\/www.montsegcastillo.com\/lacometaroja\/wp-json\/wp\/v2\/posts"}],"about":[{"href":"https:\/\/www.montsegcastillo.com\/lacometaroja\/wp-json\/wp\/v2\/types\/post"}],"author":[{"embeddable":true,"href":"https:\/\/www.montsegcastillo.com\/lacometaroja\/wp-json\/wp\/v2\/users\/1"}],"replies":[{"embeddable":true,"href":"https:\/\/www.montsegcastillo.com\/lacometaroja\/wp-json\/wp\/v2\/comments?post=122"}],"version-history":[{"count":2,"href":"https:\/\/www.montsegcastillo.com\/lacometaroja\/wp-json\/wp\/v2\/posts\/122\/revisions"}],"predecessor-version":[{"id":1952,"href":"https:\/\/www.montsegcastillo.com\/lacometaroja\/wp-json\/wp\/v2\/posts\/122\/revisions\/1952"}],"wp:featuredmedia":[{"embeddable":true,"href":"https:\/\/www.montsegcastillo.com\/lacometaroja\/wp-json\/wp\/v2\/media\/482"}],"wp:attachment":[{"href":"https:\/\/www.montsegcastillo.com\/lacometaroja\/wp-json\/wp\/v2\/media?parent=122"}],"wp:term":[{"taxonomy":"category","embeddable":true,"href":"https:\/\/www.montsegcastillo.com\/lacometaroja\/wp-json\/wp\/v2\/categories?post=122"},{"taxonomy":"post_tag","embeddable":true,"href":"https:\/\/www.montsegcastillo.com\/lacometaroja\/wp-json\/wp\/v2\/tags?post=122"}],"curies":[{"name":"wp","href":"https:\/\/api.w.org\/{rel}","templated":true}]}}