{"id":128,"date":"2012-08-04T19:43:00","date_gmt":"2012-08-04T19:43:00","guid":{"rendered":"http:\/\/www.montsegcastillo.com\/lacometaroja\/uncategorized\/esta-es-mi-casa\/"},"modified":"2026-09-03T12:13:32","modified_gmt":"2026-09-03T12:13:32","slug":"esta-es-mi-casa","status":"publish","type":"post","link":"https:\/\/www.montsegcastillo.com\/lacometaroja\/color\/esta-es-mi-casa\/","title":{"rendered":"Esta es mi casa"},"content":{"rendered":"<div style=\"clear: both; text-align: center;\"><a href=\"http:\/\/www.montsegcastillo.com\/lacometaroja\/wp-content\/uploads\/2012\/08\/verdicio110109_0011.jpg\" style=\"margin-left: 1em; margin-right: 1em;\"><img loading=\"lazy\" decoding=\"async\" border=\"0\" height=\"320\" src=\"http:\/\/www.montsegcastillo.com\/lacometaroja\/wp-content\/uploads\/2012\/08\/verdicio110109_0011-300x300.jpg\" width=\"320\" \/><\/a><\/div>\n<p><\/p>\n<div style=\"text-align: center;\"><span style=\"font-family: Courier New,Courier; font-size: small;\">No cabe duda. \u00c9sta es mi casa<\/span><span style=\"font-size: small;\"><br \/><\/span><span style=\"font-family: Courier New,Courier; font-size: small;\">aqu\u00ed sucedo, aqu\u00ed<\/span><span style=\"font-size: small;\"><br \/><\/span><span style=\"font-family: Courier New,Courier; font-size: small;\">me enga\u00f1o inmensamente.<\/span><span style=\"font-size: small;\"><br \/><\/span><span style=\"font-family: Courier New,Courier; font-size: small;\">\u00c9sta es mi casa detenida en el tiempo.<\/span><\/div>\n<div style=\"text-align: center;\"><span style=\"font-family: Courier New,Courier; font-size: small;\">Llega el oto\u00f1o y me defiende,<\/span><span style=\"font-size: small;\"><br \/><\/span><span style=\"font-family: Courier New,Courier; font-size: small;\">la primavera y me condena.<\/span><span style=\"font-size: small;\"><br \/><\/span><span style=\"font-family: Courier New,Courier; font-size: small;\">Tengo millones de hu\u00e9spedes<\/span><span style=\"font-size: small;\"><br \/><\/span><span style=\"font-family: Courier New,Courier; font-size: small;\">que r\u00eden y comen,<\/span><span style=\"font-size: small;\"><br \/><\/span><span style=\"font-family: Courier New,Courier; font-size: small;\">copulan y duermen,<\/span><span style=\"font-size: small;\"><br \/><\/span><span style=\"font-family: Courier New,Courier; font-size: small;\">juegan y piensan,<\/span><span style=\"font-size: small;\"><br \/><\/span><span style=\"font-family: Courier New,Courier; font-size: small;\">millones de hu\u00e9spedes que se aburren<\/span><span style=\"font-size: small;\"><br \/><\/span><span style=\"font-family: Courier New,Courier; font-size: small;\">y tienen pesadillas y ataques de nervios.<\/span><\/div>\n<div style=\"text-align: center;\"><span style=\"font-family: Courier New,Courier; font-size: small;\">No cabe duda. \u00c9sta es mi casa.<\/span><span style=\"font-size: small;\"><br \/><\/span><span style=\"font-family: Courier New,Courier; font-size: small;\">Todos los perros y campanarios<\/span><span style=\"font-size: small;\"><br \/><\/span><span style=\"font-family: Courier New,Courier; font-size: small;\">pasan frente a ella.<\/span><span style=\"font-size: small;\"><br \/><\/span><span style=\"font-family: Courier New,Courier; font-size: small;\">Pero a mi casa la azotan los rayos<\/span><span style=\"font-size: small;\"><br \/><\/span><span style=\"font-family: Courier New,Courier; font-size: small;\">y un d\u00eda se va a partir en dos.<\/span><\/div>\n<div style=\"text-align: center;\"><span style=\"font-family: Courier New,Courier; font-size: small;\">Y yo no sabr\u00e9 d\u00f3nde guarecerme<\/span><span style=\"font-size: small;\"><br \/><\/span><span style=\"font-family: Courier New,Courier; font-size: small;\">porque todas las puertas dan afuera del mundo.<\/span><\/div>\n<div style=\"text-align: center;\"><\/div>\n<div style=\"text-align: center;\"><\/div>\n<div style=\"text-align: center;\"><\/div>\n<div style=\"text-align: center;\"><span style=\"font-size: x-small;\">Fotograf\u00eda: Montse Castillo \/ Texto: Mario Benedetti<\/span><span style=\"font-size: x-small;\">&nbsp;<\/span><\/div>\n<div>La Cometa Roja se traslada a: http:\/\/lacometarojademontsecastillo.wordpress.com<\/div>\n","protected":false},"excerpt":{"rendered":"<p>No cabe duda. \u00c9sta es mi casaaqu\u00ed sucedo, aqu\u00edme enga\u00f1o inmensamente.\u00c9sta es mi casa detenida en el tiempo. Llega el oto\u00f1o y me defiende,la primavera y me condena.Tengo millones de hu\u00e9spedesque r\u00eden y comen,copulan y duermen,juegan y piensan,millones de hu\u00e9spedes que se aburreny tienen pesadillas y ataques de nervios. No cabe duda. \u00c9sta es mi &#8230; <span class=\"more\"><a class=\"more-link\" href=\"https:\/\/www.montsegcastillo.com\/lacometaroja\/color\/esta-es-mi-casa\/\">[Read more&#8230;]<\/a><\/span><\/p>\n","protected":false},"author":1,"featured_media":0,"comment_status":"closed","ping_status":"open","sticky":false,"template":"","format":"standard","meta":{"ngg_post_thumbnail":0,"_jetpack_newsletter_access":"","_jetpack_dont_email_post_to_subs":false,"_jetpack_newsletter_tier_id":0,"_jetpack_memberships_contains_paywalled_content":false,"_jetpack_feature_clip_id":0,"_jetpack_memberships_contains_paid_content":false,"footnotes":"","jetpack_publicize_message":"","jetpack_publicize_feature_enabled":true,"jetpack_social_post_already_shared":false,"jetpack_social_options":{"image_generator_settings":{"template":"highway","default_image_id":0,"font":"","enabled":false},"version":2},"jetpack_post_was_ever_published":false},"categories":[9,19,16],"tags":[],"class_list":["entry","post","publish","author-admin","post-128","format-standard","category-color","category-historias","category-personal"],"jetpack_publicize_connections":[],"jetpack_sharing_enabled":true,"jetpack_shortlink":"https:\/\/wp.me\/p4YOqD-24","jetpack_featured_media_url":"","_links":{"self":[{"href":"https:\/\/www.montsegcastillo.com\/lacometaroja\/wp-json\/wp\/v2\/posts\/128","targetHints":{"allow":["GET"]}}],"collection":[{"href":"https:\/\/www.montsegcastillo.com\/lacometaroja\/wp-json\/wp\/v2\/posts"}],"about":[{"href":"https:\/\/www.montsegcastillo.com\/lacometaroja\/wp-json\/wp\/v2\/types\/post"}],"author":[{"embeddable":true,"href":"https:\/\/www.montsegcastillo.com\/lacometaroja\/wp-json\/wp\/v2\/users\/1"}],"replies":[{"embeddable":true,"href":"https:\/\/www.montsegcastillo.com\/lacometaroja\/wp-json\/wp\/v2\/comments?post=128"}],"version-history":[{"count":1,"href":"https:\/\/www.montsegcastillo.com\/lacometaroja\/wp-json\/wp\/v2\/posts\/128\/revisions"}],"predecessor-version":[{"id":1471,"href":"https:\/\/www.montsegcastillo.com\/lacometaroja\/wp-json\/wp\/v2\/posts\/128\/revisions\/1471"}],"wp:attachment":[{"href":"https:\/\/www.montsegcastillo.com\/lacometaroja\/wp-json\/wp\/v2\/media?parent=128"}],"wp:term":[{"taxonomy":"category","embeddable":true,"href":"https:\/\/www.montsegcastillo.com\/lacometaroja\/wp-json\/wp\/v2\/categories?post=128"},{"taxonomy":"post_tag","embeddable":true,"href":"https:\/\/www.montsegcastillo.com\/lacometaroja\/wp-json\/wp\/v2\/tags?post=128"}],"curies":[{"name":"wp","href":"https:\/\/api.w.org\/{rel}","templated":true}]}}