{"id":139,"date":"2012-07-22T19:54:00","date_gmt":"2012-07-22T19:54:00","guid":{"rendered":"http:\/\/www.montsegcastillo.com\/lacometaroja\/uncategorized\/lo-oigo-en-mi-interior-y-se-que-ya-despierta\/"},"modified":"2026-09-03T12:13:32","modified_gmt":"2026-09-03T12:13:32","slug":"lo-oigo-en-mi-interior-y-se-que-ya-despierta","status":"publish","type":"post","link":"https:\/\/www.montsegcastillo.com\/lacometaroja\/byn\/lo-oigo-en-mi-interior-y-se-que-ya-despierta\/","title":{"rendered":"Lo oigo en mi interior y se que ya despierta."},"content":{"rendered":"<div style=\"clear: both; text-align: center;\"><a href=\"http:\/\/www.montsegcastillo.com\/lacometaroja\/wp-content\/uploads\/2012\/07\/SERGIO_MARAVILLA_0116.jpg\"><img loading=\"lazy\" decoding=\"async\" class=\"aligncenter size-full wp-image-499\" src=\"http:\/\/www.montsegcastillo.com\/lacometaroja\/wp-content\/uploads\/2012\/07\/SERGIO_MARAVILLA_0116.jpg\" alt=\"SERGIO_MARAVILLA_0116\" width=\"1024\" height=\"1024\" srcset=\"https:\/\/www.montsegcastillo.com\/lacometaroja\/wp-content\/uploads\/2012\/07\/SERGIO_MARAVILLA_0116.jpg 1024w, https:\/\/www.montsegcastillo.com\/lacometaroja\/wp-content\/uploads\/2012\/07\/SERGIO_MARAVILLA_0116-150x150.jpg 150w, https:\/\/www.montsegcastillo.com\/lacometaroja\/wp-content\/uploads\/2012\/07\/SERGIO_MARAVILLA_0116-300x300.jpg 300w, https:\/\/www.montsegcastillo.com\/lacometaroja\/wp-content\/uploads\/2012\/07\/SERGIO_MARAVILLA_0116-326x326.jpg 326w, https:\/\/www.montsegcastillo.com\/lacometaroja\/wp-content\/uploads\/2012\/07\/SERGIO_MARAVILLA_0116-700x700.jpg 700w\" sizes=\"auto, (max-width: 1024px) 100vw, 1024px\" \/><\/a><\/div>\n<h6 style=\"font-weight: normal; text-align: justify;\" data-ft=\"{&quot;type&quot;:1,&quot;tn&quot;:&quot;K&quot;}\"><span style=\"font-size: small;\"><span data-ft=\"{&quot;type&quot;:3}\">Hoy comienz\u00f3 mi preparaci\u00f3n. 8 semanas tengo por luchar incanzablemente. No sentir\u00e9 dolor, frio ni calor. No sentir\u00e9 mas que mi ambicion de gloria empujando mi alma.. De la mano con mi espiritu.<br \/>\nNo estoy solo. Ni, cada ma\u00f1ana en las monta\u00f1as.. Ni en cada golpe a las bolsas, en todo estan ustedes presente. Todos juntos triunfaremos.<br \/>\nCuando esto se acabe.. El 15 de Septiembre de 2012, habr\u00e1 valido la pena.. Pelear por mis derechos, por la justicia y por un cinto verde y dorado que por mas de 1 a\u00f1o estuvo en manos equivocas.<br \/>\nEl 15 de Septiembre de 2012 me ver\u00e9 con orgullo por estar de pie. Nunca arrodillado ni doblegado por un sistema. Nunca unos hilos moveran mi cuerpo cual marioneta. Me ver\u00e9 y sabre que todo vali\u00f3 la pena.<br \/>\nOjala\u00bbmi Victoria\u00bbsupiese las vidas que en su busqueda apost\u00e9 y estregu\u00e9. Ojala supiese que cada paso que doy es por su conquista.<br \/>\nMi pelea es por y para todos ustedes.<br \/>\nHoy, el monstruo despierta.<br \/>\nLo oigo en mi interior y se que ya despierta.<br \/>\nHasta mi Victoria. Siempre<\/span><\/span><\/h6>\n<div style=\"clear: both; text-align: center;\"><a href=\"http:\/\/www.montsegcastillo.com\/lacometaroja\/wp-content\/uploads\/2012\/07\/SERGIO_MARAVILLA_0195_1.jpg\"><img loading=\"lazy\" decoding=\"async\" class=\"aligncenter size-full wp-image-500\" src=\"http:\/\/www.montsegcastillo.com\/lacometaroja\/wp-content\/uploads\/2012\/07\/SERGIO_MARAVILLA_0195_1.jpg\" alt=\"SERGIO_MARAVILLA_0195_1\" width=\"1000\" height=\"881\" srcset=\"https:\/\/www.montsegcastillo.com\/lacometaroja\/wp-content\/uploads\/2012\/07\/SERGIO_MARAVILLA_0195_1.jpg 1000w, https:\/\/www.montsegcastillo.com\/lacometaroja\/wp-content\/uploads\/2012\/07\/SERGIO_MARAVILLA_0195_1-300x264.jpg 300w, https:\/\/www.montsegcastillo.com\/lacometaroja\/wp-content\/uploads\/2012\/07\/SERGIO_MARAVILLA_0195_1-326x287.jpg 326w, https:\/\/www.montsegcastillo.com\/lacometaroja\/wp-content\/uploads\/2012\/07\/SERGIO_MARAVILLA_0195_1-700x616.jpg 700w\" sizes=\"auto, (max-width: 1000px) 100vw, 1000px\" \/><\/a><\/div>\n<h6 style=\"font-weight: normal; text-align: center;\" data-ft=\"{&quot;type&quot;:1,&quot;tn&quot;:&quot;K&quot;}\"><span style=\"font-size: small;\"><span data-ft=\"{&quot;type&quot;:3}\"><span style=\"font-size: x-small;\">\u00a0<\/span><\/span><\/span><\/h6>\n<h6 style=\"font-weight: normal; text-align: center;\" data-ft=\"{&quot;type&quot;:1,&quot;tn&quot;:&quot;K&quot;}\"><span style=\"font-size: small;\"><span data-ft=\"{&quot;type&quot;:3}\"><span style=\"font-size: x-small;\">\u00a0Fotografia: Montse Castillo \/ Texto: Sergio \u00abMaravilla\u00bb Mart\u00ednez<\/span><\/span><\/span><\/h6>\n<div><\/div>\n","protected":false},"excerpt":{"rendered":"<p>Hoy comienz\u00f3 mi preparaci\u00f3n. 8 semanas tengo por luchar incanzablemente. No sentir\u00e9 dolor, frio ni calor. No sentir\u00e9 mas que mi ambicion de gloria empujando mi alma.. De la mano con mi espiritu. No estoy solo. Ni, cada ma\u00f1ana en las monta\u00f1as.. Ni en cada golpe a las bolsas, en todo estan ustedes presente. Todos &#8230; <span class=\"more\"><a class=\"more-link\" href=\"https:\/\/www.montsegcastillo.com\/lacometaroja\/byn\/lo-oigo-en-mi-interior-y-se-que-ya-despierta\/\">[Read more&#8230;]<\/a><\/span><\/p>\n","protected":false},"author":1,"featured_media":499,"comment_status":"closed","ping_status":"open","sticky":false,"template":"","format":"standard","meta":{"ngg_post_thumbnail":0,"_jetpack_newsletter_access":"","_jetpack_dont_email_post_to_subs":false,"_jetpack_newsletter_tier_id":0,"_jetpack_memberships_contains_paywalled_content":false,"_jetpack_feature_clip_id":0,"_jetpack_memberships_contains_paid_content":false,"footnotes":"","jetpack_publicize_message":"","jetpack_publicize_feature_enabled":true,"jetpack_social_post_already_shared":false,"jetpack_social_options":{"image_generator_settings":{"template":"highway","default_image_id":0,"font":"","enabled":false},"version":2},"jetpack_post_was_ever_published":false},"categories":[5,7,19,8,25],"tags":[],"class_list":["entry","post","publish","author-admin","post-139","format-standard","has-post-thumbnail","category-byn","category-deportes-de-contacto","category-historias","category-retrato","category-sergio-maravilla-martinez"],"jetpack_publicize_connections":[],"jetpack_sharing_enabled":true,"jetpack_shortlink":"https:\/\/wp.me\/p4YOqD-2f","jetpack_featured_media_url":"https:\/\/www.montsegcastillo.com\/lacometaroja\/wp-content\/uploads\/2012\/07\/SERGIO_MARAVILLA_0116.jpg","_links":{"self":[{"href":"https:\/\/www.montsegcastillo.com\/lacometaroja\/wp-json\/wp\/v2\/posts\/139","targetHints":{"allow":["GET"]}}],"collection":[{"href":"https:\/\/www.montsegcastillo.com\/lacometaroja\/wp-json\/wp\/v2\/posts"}],"about":[{"href":"https:\/\/www.montsegcastillo.com\/lacometaroja\/wp-json\/wp\/v2\/types\/post"}],"author":[{"embeddable":true,"href":"https:\/\/www.montsegcastillo.com\/lacometaroja\/wp-json\/wp\/v2\/users\/1"}],"replies":[{"embeddable":true,"href":"https:\/\/www.montsegcastillo.com\/lacometaroja\/wp-json\/wp\/v2\/comments?post=139"}],"version-history":[{"count":3,"href":"https:\/\/www.montsegcastillo.com\/lacometaroja\/wp-json\/wp\/v2\/posts\/139\/revisions"}],"predecessor-version":[{"id":1851,"href":"https:\/\/www.montsegcastillo.com\/lacometaroja\/wp-json\/wp\/v2\/posts\/139\/revisions\/1851"}],"wp:featuredmedia":[{"embeddable":true,"href":"https:\/\/www.montsegcastillo.com\/lacometaroja\/wp-json\/wp\/v2\/media\/499"}],"wp:attachment":[{"href":"https:\/\/www.montsegcastillo.com\/lacometaroja\/wp-json\/wp\/v2\/media?parent=139"}],"wp:term":[{"taxonomy":"category","embeddable":true,"href":"https:\/\/www.montsegcastillo.com\/lacometaroja\/wp-json\/wp\/v2\/categories?post=139"},{"taxonomy":"post_tag","embeddable":true,"href":"https:\/\/www.montsegcastillo.com\/lacometaroja\/wp-json\/wp\/v2\/tags?post=139"}],"curies":[{"name":"wp","href":"https:\/\/api.w.org\/{rel}","templated":true}]}}