{"id":167,"date":"2012-05-22T23:42:00","date_gmt":"2012-05-22T23:42:00","guid":{"rendered":"http:\/\/www.montsegcastillo.com\/lacometaroja\/uncategorized\/tu-libertad\/"},"modified":"2026-09-03T12:13:33","modified_gmt":"2026-09-03T12:13:33","slug":"tu-libertad","status":"publish","type":"post","link":"https:\/\/www.montsegcastillo.com\/lacometaroja\/byn\/tu-libertad\/","title":{"rendered":"TU LIBERTAD"},"content":{"rendered":"<div style=\"clear: both; text-align: center;\"><a href=\"http:\/\/www.montsegcastillo.com\/lacometaroja\/wp-content\/uploads\/2012\/05\/escalera.jpg\" style=\"margin-left: 1em; margin-right: 1em;\"><img loading=\"lazy\" decoding=\"async\" border=\"0\" height=\"400\" src=\"http:\/\/www.montsegcastillo.com\/lacometaroja\/wp-content\/uploads\/2012\/05\/escalera-199x300.jpg\" width=\"266\" \/><\/a><\/div>\n<p><\/p>\n<div style=\"text-align: center;\">Te pertenece<\/div>\n<div style=\"text-align: center;\">mas no eres ya due\u00f1o<\/div>\n<div style=\"text-align: center;\">si al tenerla<\/div>\n<div style=\"text-align: center;\">la temes<\/div>\n<div style=\"text-align: center;\">crey\u00e9ndola un sue\u00f1o.<\/div>\n<div style=\"text-align: center;\">T\u00fa la anhelas,<\/div>\n<div style=\"text-align: center;\">ella en tu recuerdo,<\/div>\n<div style=\"text-align: center;\">llora cautiva<\/div>\n<div style=\"text-align: center;\">el presente<\/div>\n<div style=\"text-align: center;\">que niegas sin saberlo.<\/div>\n<div style=\"text-align: center;\">Donde no quedan<\/div>\n<div style=\"text-align: center;\">excusas que hicieron<\/div>\n<div style=\"text-align: center;\">apagar la llama&nbsp;<\/div>\n<div style=\"text-align: center;\">que mantiene<\/div>\n<div style=\"text-align: center;\">esas ansias de vuelo.<\/div>\n<div style=\"text-align: center;\">Donde reclama<\/div>\n<div style=\"text-align: center;\">para s\u00ed el derecho<\/div>\n<div style=\"text-align: center;\">a mirar la vida<\/div>\n<div style=\"text-align: center;\">a seguirte<\/div>\n<div style=\"text-align: center;\">si no tuvieras miedo.<\/div>\n<div style=\"text-align: center;\"><\/div>\n<div style=\"text-align: center;\"><span style=\"font-size: x-small;\">Fotograf\u00eda y Texto: Montse Castillo<\/span><\/div>\n<div>La Cometa Roja se traslada a: http:\/\/lacometarojademontsecastillo.wordpress.com<\/div>\n","protected":false},"excerpt":{"rendered":"<p>Te pertenece mas no eres ya due\u00f1o si al tenerla la temes crey\u00e9ndola un sue\u00f1o. T\u00fa la anhelas, ella en tu recuerdo, llora cautiva el presente que niegas sin saberlo. Donde no quedan excusas que hicieron apagar la llama&nbsp; que mantiene esas ansias de vuelo. Donde reclama para s\u00ed el derecho a mirar la vida &#8230; <span class=\"more\"><a class=\"more-link\" href=\"https:\/\/www.montsegcastillo.com\/lacometaroja\/byn\/tu-libertad\/\">[Read more&#8230;]<\/a><\/span><\/p>\n","protected":false},"author":1,"featured_media":0,"comment_status":"closed","ping_status":"open","sticky":false,"template":"","format":"standard","meta":{"ngg_post_thumbnail":0,"_jetpack_newsletter_access":"","_jetpack_dont_email_post_to_subs":false,"_jetpack_newsletter_tier_id":0,"_jetpack_memberships_contains_paywalled_content":false,"_jetpack_feature_clip_id":0,"_jetpack_memberships_contains_paid_content":false,"footnotes":"","jetpack_publicize_message":"","jetpack_publicize_feature_enabled":true,"jetpack_social_post_already_shared":false,"jetpack_social_options":{"image_generator_settings":{"template":"highway","default_image_id":0,"font":"","enabled":false},"version":2},"jetpack_post_was_ever_published":false},"categories":[5,19,16,13],"tags":[],"class_list":["entry","post","publish","author-admin","post-167","format-standard","category-byn","category-historias","category-personal","category-textomontse"],"jetpack_publicize_connections":[],"jetpack_sharing_enabled":true,"jetpack_shortlink":"https:\/\/wp.me\/p4YOqD-2H","jetpack_featured_media_url":"","_links":{"self":[{"href":"https:\/\/www.montsegcastillo.com\/lacometaroja\/wp-json\/wp\/v2\/posts\/167","targetHints":{"allow":["GET"]}}],"collection":[{"href":"https:\/\/www.montsegcastillo.com\/lacometaroja\/wp-json\/wp\/v2\/posts"}],"about":[{"href":"https:\/\/www.montsegcastillo.com\/lacometaroja\/wp-json\/wp\/v2\/types\/post"}],"author":[{"embeddable":true,"href":"https:\/\/www.montsegcastillo.com\/lacometaroja\/wp-json\/wp\/v2\/users\/1"}],"replies":[{"embeddable":true,"href":"https:\/\/www.montsegcastillo.com\/lacometaroja\/wp-json\/wp\/v2\/comments?post=167"}],"version-history":[{"count":1,"href":"https:\/\/www.montsegcastillo.com\/lacometaroja\/wp-json\/wp\/v2\/posts\/167\/revisions"}],"predecessor-version":[{"id":1510,"href":"https:\/\/www.montsegcastillo.com\/lacometaroja\/wp-json\/wp\/v2\/posts\/167\/revisions\/1510"}],"wp:attachment":[{"href":"https:\/\/www.montsegcastillo.com\/lacometaroja\/wp-json\/wp\/v2\/media?parent=167"}],"wp:term":[{"taxonomy":"category","embeddable":true,"href":"https:\/\/www.montsegcastillo.com\/lacometaroja\/wp-json\/wp\/v2\/categories?post=167"},{"taxonomy":"post_tag","embeddable":true,"href":"https:\/\/www.montsegcastillo.com\/lacometaroja\/wp-json\/wp\/v2\/tags?post=167"}],"curies":[{"name":"wp","href":"https:\/\/api.w.org\/{rel}","templated":true}]}}