{"id":169,"date":"2012-05-20T18:49:00","date_gmt":"2012-05-20T18:49:00","guid":{"rendered":"http:\/\/www.montsegcastillo.com\/lacometaroja\/uncategorized\/gran-velada-en-grao-vuelve-el-diamante\/"},"modified":"2026-09-03T12:13:33","modified_gmt":"2026-09-03T12:13:33","slug":"gran-velada-en-grao-vuelve-el-diamante","status":"publish","type":"post","link":"https:\/\/www.montsegcastillo.com\/lacometaroja\/trabajo\/gran-velada-en-grao-vuelve-el-diamante\/","title":{"rendered":"Gran Velada en Grao. Vuelve \u00abEl Diamante\u00bb"},"content":{"rendered":"<div style=\"clear: both; text-align: center;\"><a href=\"http:\/\/www.montsegcastillo.com\/lacometaroja\/wp-content\/uploads\/2012\/05\/CARTEL_GRAO_WEB.jpg\" style=\"margin-left: 1em; margin-right: 1em;\"><img loading=\"lazy\" decoding=\"async\" border=\"0\" height=\"640\" src=\"http:\/\/www.montsegcastillo.com\/lacometaroja\/wp-content\/uploads\/2012\/05\/CARTEL_GRAO_WEB-210x300.jpg\" width=\"448\" \/>&nbsp;<\/a><\/div>\n<div style=\"clear: both; text-align: center;\"><span style=\"font-size: xx-small;\">Maquetaci\u00f3n, dise\u00f1o y fotograf\u00eda: Montse Castillo<\/span> <\/div>\n<p><\/p>\n<div>La Cometa Roja se traslada a: http:\/\/lacometarojademontsecastillo.wordpress.com<\/div>\n","protected":false},"excerpt":{"rendered":"<p>&nbsp; Maquetaci\u00f3n, dise\u00f1o y fotograf\u00eda: Montse Castillo La Cometa Roja se traslada a: http:\/\/lacometarojademontsecastillo.wordpress.com<\/p>\n","protected":false},"author":1,"featured_media":547,"comment_status":"closed","ping_status":"open","sticky":false,"template":"","format":"standard","meta":{"ngg_post_thumbnail":0,"_jetpack_newsletter_access":"","_jetpack_dont_email_post_to_subs":false,"_jetpack_newsletter_tier_id":0,"_jetpack_memberships_contains_paywalled_content":false,"_jetpack_feature_clip_id":0,"_jetpack_memberships_contains_paid_content":false,"footnotes":"","jetpack_publicize_message":"","jetpack_publicize_feature_enabled":true,"jetpack_social_post_already_shared":false,"jetpack_social_options":{"image_generator_settings":{"template":"highway","default_image_id":0,"font":"","enabled":false},"version":2},"jetpack_post_was_ever_published":false},"categories":[15,6],"tags":[],"class_list":["entry","post","publish","author-admin","post-169","format-standard","has-post-thumbnail","category-carteleria","category-trabajo"],"jetpack_publicize_connections":[],"jetpack_sharing_enabled":true,"jetpack_shortlink":"https:\/\/wp.me\/p4YOqD-2J","jetpack_featured_media_url":"https:\/\/www.montsegcastillo.com\/lacometaroja\/wp-content\/uploads\/2012\/05\/CARTEL_GRAO_WEB.jpg","_links":{"self":[{"href":"https:\/\/www.montsegcastillo.com\/lacometaroja\/wp-json\/wp\/v2\/posts\/169","targetHints":{"allow":["GET"]}}],"collection":[{"href":"https:\/\/www.montsegcastillo.com\/lacometaroja\/wp-json\/wp\/v2\/posts"}],"about":[{"href":"https:\/\/www.montsegcastillo.com\/lacometaroja\/wp-json\/wp\/v2\/types\/post"}],"author":[{"embeddable":true,"href":"https:\/\/www.montsegcastillo.com\/lacometaroja\/wp-json\/wp\/v2\/users\/1"}],"replies":[{"embeddable":true,"href":"https:\/\/www.montsegcastillo.com\/lacometaroja\/wp-json\/wp\/v2\/comments?post=169"}],"version-history":[{"count":1,"href":"https:\/\/www.montsegcastillo.com\/lacometaroja\/wp-json\/wp\/v2\/posts\/169\/revisions"}],"predecessor-version":[{"id":1512,"href":"https:\/\/www.montsegcastillo.com\/lacometaroja\/wp-json\/wp\/v2\/posts\/169\/revisions\/1512"}],"wp:featuredmedia":[{"embeddable":true,"href":"https:\/\/www.montsegcastillo.com\/lacometaroja\/wp-json\/wp\/v2\/media\/547"}],"wp:attachment":[{"href":"https:\/\/www.montsegcastillo.com\/lacometaroja\/wp-json\/wp\/v2\/media?parent=169"}],"wp:term":[{"taxonomy":"category","embeddable":true,"href":"https:\/\/www.montsegcastillo.com\/lacometaroja\/wp-json\/wp\/v2\/categories?post=169"},{"taxonomy":"post_tag","embeddable":true,"href":"https:\/\/www.montsegcastillo.com\/lacometaroja\/wp-json\/wp\/v2\/tags?post=169"}],"curies":[{"name":"wp","href":"https:\/\/api.w.org\/{rel}","templated":true}]}}