{"id":176,"date":"2012-05-11T12:25:00","date_gmt":"2012-05-11T12:25:00","guid":{"rendered":"http:\/\/www.montsegcastillo.com\/lacometaroja\/uncategorized\/nunca\/"},"modified":"2026-09-03T12:13:33","modified_gmt":"2026-09-03T12:13:33","slug":"nunca","status":"publish","type":"post","link":"https:\/\/www.montsegcastillo.com\/lacometaroja\/color\/nunca\/","title":{"rendered":"NUNCA"},"content":{"rendered":"<div style=\"clear: both; text-align: center;\"><a href=\"http:\/\/www.montsegcastillo.com\/lacometaroja\/wp-content\/uploads\/2012\/05\/Hada-de-alas-rotas_0601.jpg\" style=\"margin-left: 1em; margin-right: 1em;\"><img loading=\"lazy\" decoding=\"async\" border=\"0\" height=\"320\" src=\"http:\/\/www.montsegcastillo.com\/lacometaroja\/wp-content\/uploads\/2012\/05\/Hada-de-alas-rotas_0601-300x300.jpg\" width=\"320\" \/><\/a><\/div>\n<div style=\"text-align: center;\">Cuando dos personas se quieren, pero se quieren de verdad, pero no hay  manera de que congenien, \u00bfcu\u00e1ndo es el momento de decir se acab\u00f3? Era  una pregunta pretenciosa&#8230; Cuando dos personas se quieren, pero se  quieren con sinceridad, C\u00faando es el momento de decir \u00abse acab\u00f3\u00bb ?<\/p>\n<p> La respuesta es:<\/p>\n<p> NUNCA<\/p>\n<p> <span style=\"font-size: xx-small;\">De la pel\u00edcula \u00bb The Mexican\u00bb<\/span><\/div>\n<div>La Cometa Roja se traslada a: http:\/\/lacometarojademontsecastillo.wordpress.com<\/div>\n","protected":false},"excerpt":{"rendered":"<p>Cuando dos personas se quieren, pero se quieren de verdad, pero no hay manera de que congenien, \u00bfcu\u00e1ndo es el momento de decir se acab\u00f3? Era una pregunta pretenciosa&#8230; Cuando dos personas se quieren, pero se quieren con sinceridad, C\u00faando es el momento de decir \u00abse acab\u00f3\u00bb ? La respuesta es: NUNCA De la pel\u00edcula &#8230; <span class=\"more\"><a class=\"more-link\" href=\"https:\/\/www.montsegcastillo.com\/lacometaroja\/color\/nunca\/\">[Read more&#8230;]<\/a><\/span><\/p>\n","protected":false},"author":1,"featured_media":0,"comment_status":"closed","ping_status":"open","sticky":false,"template":"","format":"standard","meta":{"ngg_post_thumbnail":0,"_jetpack_newsletter_access":"","_jetpack_dont_email_post_to_subs":false,"_jetpack_newsletter_tier_id":0,"_jetpack_memberships_contains_paywalled_content":false,"_jetpack_feature_clip_id":0,"_jetpack_memberships_contains_paid_content":false,"footnotes":"","jetpack_publicize_message":"","jetpack_publicize_feature_enabled":true,"jetpack_social_post_already_shared":false,"jetpack_social_options":{"image_generator_settings":{"template":"highway","default_image_id":0,"font":"","enabled":false},"version":2},"jetpack_post_was_ever_published":false},"categories":[9,19,16],"tags":[],"class_list":["entry","post","publish","author-admin","post-176","format-standard","category-color","category-historias","category-personal"],"jetpack_publicize_connections":[],"jetpack_sharing_enabled":true,"jetpack_shortlink":"https:\/\/wp.me\/s4YOqD-nunca","jetpack_featured_media_url":"","_links":{"self":[{"href":"https:\/\/www.montsegcastillo.com\/lacometaroja\/wp-json\/wp\/v2\/posts\/176","targetHints":{"allow":["GET"]}}],"collection":[{"href":"https:\/\/www.montsegcastillo.com\/lacometaroja\/wp-json\/wp\/v2\/posts"}],"about":[{"href":"https:\/\/www.montsegcastillo.com\/lacometaroja\/wp-json\/wp\/v2\/types\/post"}],"author":[{"embeddable":true,"href":"https:\/\/www.montsegcastillo.com\/lacometaroja\/wp-json\/wp\/v2\/users\/1"}],"replies":[{"embeddable":true,"href":"https:\/\/www.montsegcastillo.com\/lacometaroja\/wp-json\/wp\/v2\/comments?post=176"}],"version-history":[{"count":1,"href":"https:\/\/www.montsegcastillo.com\/lacometaroja\/wp-json\/wp\/v2\/posts\/176\/revisions"}],"predecessor-version":[{"id":1519,"href":"https:\/\/www.montsegcastillo.com\/lacometaroja\/wp-json\/wp\/v2\/posts\/176\/revisions\/1519"}],"wp:attachment":[{"href":"https:\/\/www.montsegcastillo.com\/lacometaroja\/wp-json\/wp\/v2\/media?parent=176"}],"wp:term":[{"taxonomy":"category","embeddable":true,"href":"https:\/\/www.montsegcastillo.com\/lacometaroja\/wp-json\/wp\/v2\/categories?post=176"},{"taxonomy":"post_tag","embeddable":true,"href":"https:\/\/www.montsegcastillo.com\/lacometaroja\/wp-json\/wp\/v2\/tags?post=176"}],"curies":[{"name":"wp","href":"https:\/\/api.w.org\/{rel}","templated":true}]}}