{"id":185,"date":"2012-04-25T21:34:00","date_gmt":"2012-04-25T21:34:00","guid":{"rendered":"http:\/\/www.montsegcastillo.com\/lacometaroja\/uncategorized\/quiero-andar-descalza\/"},"modified":"2026-09-03T12:13:33","modified_gmt":"2026-09-03T12:13:33","slug":"quiero-andar-descalza","status":"publish","type":"post","link":"https:\/\/www.montsegcastillo.com\/lacometaroja\/color\/quiero-andar-descalza\/","title":{"rendered":"Quiero andar descalza"},"content":{"rendered":"<div style=\"clear: both; text-align: center;\"><a href=\"http:\/\/www.montsegcastillo.com\/lacometaroja\/wp-content\/uploads\/2012\/04\/SERGIO_MARAVILLA_0342.jpg\" style=\"margin-left: 1em; margin-right: 1em;\"><img loading=\"lazy\" decoding=\"async\" border=\"0\" height=\"400\" src=\"http:\/\/www.montsegcastillo.com\/lacometaroja\/wp-content\/uploads\/2012\/04\/SERGIO_MARAVILLA_0342-300x300.jpg\" width=\"400\" \/><\/a><\/div>\n<blockquote>\n<div style=\"text-align: justify;\">Hay momentos en la vida de una persona que te hacen valorar lo que eres. No porque te valoren los dem\u00e1s, si no porque todo lo que has vivido te ha ense\u00f1ado a exprimir, saborear, sentir hasta lo m\u00e1s profundo una situaci\u00f3n inesperada, nueva, en la que pensabas no sabr\u00edas c\u00f3mo moverte.<br \/>La satisfacci\u00f3n personal de vivir algo nuevo de forma tan profunda, la sensaci\u00f3n de crecimiento y madurez ante un momento de aparente locura.<br \/>Hay cosas que no te da la experiencia, si no la suerte de haber decidido abrir el alma y sentir descalzo el suelo que pisas.<\/div>\n<\/blockquote>\n<div style=\"text-align: center;\"><span style=\"font-size: xx-small;\">Fotograf\u00eda y texto: Montse Castillo <\/span><\/div>\n<div>La Cometa Roja se traslada a: http:\/\/lacometarojademontsecastillo.wordpress.com<\/div>\n","protected":false},"excerpt":{"rendered":"<p>Hay momentos en la vida de una persona que te hacen valorar lo que eres. No porque te valoren los dem\u00e1s, si no porque todo lo que has vivido te ha ense\u00f1ado a exprimir, saborear, sentir hasta lo m\u00e1s profundo una situaci\u00f3n inesperada, nueva, en la que pensabas no sabr\u00edas c\u00f3mo moverte.La satisfacci\u00f3n personal de &#8230; <span class=\"more\"><a class=\"more-link\" href=\"https:\/\/www.montsegcastillo.com\/lacometaroja\/color\/quiero-andar-descalza\/\">[Read more&#8230;]<\/a><\/span><\/p>\n","protected":false},"author":1,"featured_media":568,"comment_status":"closed","ping_status":"open","sticky":false,"template":"","format":"standard","meta":{"ngg_post_thumbnail":0,"_jetpack_newsletter_access":"","_jetpack_dont_email_post_to_subs":false,"_jetpack_newsletter_tier_id":0,"_jetpack_memberships_contains_paywalled_content":false,"_jetpack_feature_clip_id":0,"_jetpack_memberships_contains_paid_content":false,"footnotes":"","jetpack_publicize_message":"","jetpack_publicize_feature_enabled":true,"jetpack_social_post_already_shared":false,"jetpack_social_options":{"image_generator_settings":{"template":"highway","default_image_id":0,"font":"","enabled":false},"version":2},"jetpack_post_was_ever_published":false},"categories":[9,19,16,13],"tags":[],"class_list":["entry","post","publish","author-admin","post-185","format-standard","has-post-thumbnail","category-color","category-historias","category-personal","category-textomontse"],"jetpack_publicize_connections":[],"jetpack_sharing_enabled":true,"jetpack_shortlink":"https:\/\/wp.me\/p4YOqD-2Z","jetpack_featured_media_url":"https:\/\/www.montsegcastillo.com\/lacometaroja\/wp-content\/uploads\/2012\/04\/SERGIO_MARAVILLA_0342.jpg","_links":{"self":[{"href":"https:\/\/www.montsegcastillo.com\/lacometaroja\/wp-json\/wp\/v2\/posts\/185","targetHints":{"allow":["GET"]}}],"collection":[{"href":"https:\/\/www.montsegcastillo.com\/lacometaroja\/wp-json\/wp\/v2\/posts"}],"about":[{"href":"https:\/\/www.montsegcastillo.com\/lacometaroja\/wp-json\/wp\/v2\/types\/post"}],"author":[{"embeddable":true,"href":"https:\/\/www.montsegcastillo.com\/lacometaroja\/wp-json\/wp\/v2\/users\/1"}],"replies":[{"embeddable":true,"href":"https:\/\/www.montsegcastillo.com\/lacometaroja\/wp-json\/wp\/v2\/comments?post=185"}],"version-history":[{"count":1,"href":"https:\/\/www.montsegcastillo.com\/lacometaroja\/wp-json\/wp\/v2\/posts\/185\/revisions"}],"predecessor-version":[{"id":1528,"href":"https:\/\/www.montsegcastillo.com\/lacometaroja\/wp-json\/wp\/v2\/posts\/185\/revisions\/1528"}],"wp:featuredmedia":[{"embeddable":true,"href":"https:\/\/www.montsegcastillo.com\/lacometaroja\/wp-json\/wp\/v2\/media\/568"}],"wp:attachment":[{"href":"https:\/\/www.montsegcastillo.com\/lacometaroja\/wp-json\/wp\/v2\/media?parent=185"}],"wp:term":[{"taxonomy":"category","embeddable":true,"href":"https:\/\/www.montsegcastillo.com\/lacometaroja\/wp-json\/wp\/v2\/categories?post=185"},{"taxonomy":"post_tag","embeddable":true,"href":"https:\/\/www.montsegcastillo.com\/lacometaroja\/wp-json\/wp\/v2\/tags?post=185"}],"curies":[{"name":"wp","href":"https:\/\/api.w.org\/{rel}","templated":true}]}}