{"id":191,"date":"2012-04-21T23:56:00","date_gmt":"2012-04-21T23:56:00","guid":{"rendered":"http:\/\/www.montsegcastillo.com\/lacometaroja\/uncategorized\/aunque-te-llamen-loco\/"},"modified":"2026-09-03T12:13:33","modified_gmt":"2026-09-03T12:13:33","slug":"aunque-te-llamen-loco","status":"publish","type":"post","link":"https:\/\/www.montsegcastillo.com\/lacometaroja\/byn\/aunque-te-llamen-loco\/","title":{"rendered":"Aunque te llamen loco"},"content":{"rendered":"<div style=\"clear: both; text-align: center;\"><a href=\"http:\/\/www.montsegcastillo.com\/lacometaroja\/wp-content\/uploads\/2012\/04\/j_S.jpg\"><img loading=\"lazy\" decoding=\"async\" class=\"aligncenter size-full wp-image-575\" src=\"http:\/\/www.montsegcastillo.com\/lacometaroja\/wp-content\/uploads\/2012\/04\/j_S.jpg\" alt=\"j_S\" width=\"1000\" height=\"667\" srcset=\"https:\/\/www.montsegcastillo.com\/lacometaroja\/wp-content\/uploads\/2012\/04\/j_S.jpg 1000w, https:\/\/www.montsegcastillo.com\/lacometaroja\/wp-content\/uploads\/2012\/04\/j_S-300x200.jpg 300w, https:\/\/www.montsegcastillo.com\/lacometaroja\/wp-content\/uploads\/2012\/04\/j_S-326x217.jpg 326w, https:\/\/www.montsegcastillo.com\/lacometaroja\/wp-content\/uploads\/2012\/04\/j_S-700x466.jpg 700w\" sizes=\"auto, (max-width: 1000px) 100vw, 1000px\" \/><\/a><\/div>\n<div style=\"text-align: center;\"><\/div>\n<div style=\"text-align: center;\"><span style=\"font-size: medium;\"><span style=\"font-size: medium;\"><span style=\"border-collapse: separate; font-style: normal; font-variant: normal; font-weight: normal; letter-spacing: normal; line-height: normal; text-indent: 0px; text-transform: none; white-space: normal; word-spacing: 0px;\">Dale vida a los sue\u00f1os que alimentan el alma,<\/span><br \/>\n<span style=\"border-collapse: separate; font-style: normal; font-variant: normal; font-weight: normal; letter-spacing: normal; line-height: normal; text-indent: 0px; text-transform: none; white-space: normal; word-spacing: 0px;\">no los confundas nunca con realidades vanas.<\/span><br \/>\n<span style=\"border-collapse: separate; font-style: normal; font-variant: normal; font-weight: normal; letter-spacing: normal; line-height: normal; text-indent: 0px; text-transform: none; white-space: normal; word-spacing: 0px;\">Y aunque tu mente sienta necesidad, humana,<\/span><br \/>\n<span style=\"border-collapse: separate; font-style: normal; font-variant: normal; font-weight: normal; letter-spacing: normal; line-height: normal; text-indent: 0px; text-transform: none; white-space: normal; word-spacing: 0px;\">de conseguir las metas y de escalar monta\u00f1as,<\/span><br \/>\n<span style=\"border-collapse: separate; font-style: normal; font-variant: normal; font-weight: normal; letter-spacing: normal; line-height: normal; text-indent: 0px; text-transform: none; white-space: normal; word-spacing: 0px;\">nunca rompas tus sue\u00f1os, porque matas el alma.<\/span><\/span><\/span><span style=\"border-collapse: separate; font-style: normal; font-variant: normal; font-weight: normal; letter-spacing: normal; line-height: normal; text-indent: 0px; text-transform: none; white-space: normal; word-spacing: 0px;\">Dale vida a tus sue\u00f1os aunque te llamen loco,<\/span><\/p>\n<p><span style=\"border-collapse: separate; font-style: normal; font-variant: normal; font-weight: normal; letter-spacing: normal; line-height: normal; text-indent: 0px; text-transform: none; white-space: normal; word-spacing: 0px;\">no los dejes que mueran de hast\u00edo, poco a poco,<\/span><br \/>\n<span style=\"border-collapse: separate; font-style: normal; font-variant: normal; font-weight: normal; letter-spacing: normal; line-height: normal; text-indent: 0px; text-transform: none; white-space: normal; word-spacing: 0px;\">no les rompas las alas, que son de fantas\u00eda,<\/span><br \/>\n<span style=\"border-collapse: separate; font-style: normal; font-variant: normal; font-weight: normal; letter-spacing: normal; line-height: normal; text-indent: 0px; text-transform: none; white-space: normal; word-spacing: 0px;\">y d\u00e9jalos que vuelen contigo en compa\u00f1\u00eda.<\/span><\/p>\n<p><span style=\"border-collapse: separate; font-style: normal; font-variant: normal; font-weight: normal; letter-spacing: normal; line-height: normal; text-indent: 0px; text-transform: none; white-space: normal; word-spacing: 0px;\">Dale vida a tus sue\u00f1os y, con ellos volando,<\/span><br \/>\n<span style=\"border-collapse: separate; font-style: normal; font-variant: normal; font-weight: normal; letter-spacing: normal; line-height: normal; text-indent: 0px; text-transform: none; white-space: normal; word-spacing: 0px;\">tocar\u00e1s las estrellas y el viento, susurrando,<\/span><br \/>\n<span style=\"border-collapse: separate; font-style: normal; font-variant: normal; font-weight: normal; letter-spacing: normal; line-height: normal; text-indent: 0px; text-transform: none; white-space: normal; word-spacing: 0px;\">te contar\u00e1 secretos que para ti ha guardado<\/span><br \/>\n<span style=\"border-collapse: separate; font-style: normal; font-variant: normal; font-weight: normal; letter-spacing: normal; line-height: normal; text-indent: 0px; text-transform: none; white-space: normal; word-spacing: 0px;\">y sentir\u00e1s el cuerpo con caricias, ba\u00f1ado,<\/span><br \/>\n<span style=\"border-collapse: separate; font-style: normal; font-variant: normal; font-weight: normal; letter-spacing: normal; line-height: normal; text-indent: 0px; text-transform: none; white-space: normal; word-spacing: 0px;\">del alma que despierta para estar a tu lado.<\/span><\/p>\n<p><span style=\"border-collapse: separate; font-style: normal; font-variant: normal; font-weight: normal; letter-spacing: normal; line-height: normal; text-indent: 0px; text-transform: none; white-space: normal; word-spacing: 0px;\">Dale vida a los sue\u00f1os que tienes escondidos,<\/span><br \/>\n<span style=\"border-collapse: separate; font-style: normal; font-variant: normal; font-weight: normal; letter-spacing: normal; line-height: normal; text-indent: 0px; text-transform: none; white-space: normal; word-spacing: 0px;\">descubrir\u00e1s que puedes vivir estos momentos<\/span><br \/>\n<span style=\"border-collapse: separate; font-style: normal; font-variant: normal; font-weight: normal; letter-spacing: normal; line-height: normal; text-indent: 0px; text-transform: none; white-space: normal; word-spacing: 0px;\">con los ojos abiertos y los miedos dormidos,<\/span><br \/>\n<span style=\"border-collapse: separate; font-style: normal; font-variant: normal; font-weight: normal; letter-spacing: normal; line-height: normal; text-indent: 0px; text-transform: none; white-space: normal; word-spacing: 0px;\">con los ojos cerrados y los sue\u00f1os despiertos.<\/span><\/p>\n<\/div>\n<div style=\"text-align: center;\"><span style=\"font-size: medium;\"><span style=\"border-collapse: separate; font-style: normal; font-variant: normal; font-weight: normal; letter-spacing: normal; line-height: normal; text-indent: 0px; text-transform: none; white-space: normal; word-spacing: 0px;\"><span style=\"font-size: xx-small;\">Fotograf\u00eda: Montse Castillo \/ Texto: Mario Benedetti <\/span><\/span><\/span><\/div>\n<div><\/div>\n","protected":false},"excerpt":{"rendered":"<p>Dale vida a los sue\u00f1os que alimentan el alma, no los confundas nunca con realidades vanas. Y aunque tu mente sienta necesidad, humana, de conseguir las metas y de escalar monta\u00f1as, nunca rompas tus sue\u00f1os, porque matas el alma.Dale vida a tus sue\u00f1os aunque te llamen loco, no los dejes que mueran de hast\u00edo, poco &#8230; <span class=\"more\"><a class=\"more-link\" href=\"https:\/\/www.montsegcastillo.com\/lacometaroja\/byn\/aunque-te-llamen-loco\/\">[Read more&#8230;]<\/a><\/span><\/p>\n","protected":false},"author":1,"featured_media":575,"comment_status":"closed","ping_status":"open","sticky":false,"template":"","format":"standard","meta":{"ngg_post_thumbnail":0,"_jetpack_newsletter_access":"","_jetpack_dont_email_post_to_subs":false,"_jetpack_newsletter_tier_id":0,"_jetpack_memberships_contains_paywalled_content":false,"_jetpack_feature_clip_id":0,"_jetpack_memberships_contains_paid_content":false,"footnotes":"","jetpack_publicize_message":"","jetpack_publicize_feature_enabled":true,"jetpack_social_post_already_shared":false,"jetpack_social_options":{"image_generator_settings":{"template":"highway","default_image_id":0,"font":"","enabled":false},"version":2},"jetpack_post_was_ever_published":false},"categories":[5,7,19,8],"tags":[],"class_list":["entry","post","publish","author-admin","post-191","format-standard","has-post-thumbnail","category-byn","category-deportes-de-contacto","category-historias","category-retrato"],"jetpack_publicize_connections":[],"jetpack_sharing_enabled":true,"jetpack_shortlink":"https:\/\/wp.me\/p4YOqD-35","jetpack_featured_media_url":"https:\/\/www.montsegcastillo.com\/lacometaroja\/wp-content\/uploads\/2012\/04\/j_S.jpg","_links":{"self":[{"href":"https:\/\/www.montsegcastillo.com\/lacometaroja\/wp-json\/wp\/v2\/posts\/191","targetHints":{"allow":["GET"]}}],"collection":[{"href":"https:\/\/www.montsegcastillo.com\/lacometaroja\/wp-json\/wp\/v2\/posts"}],"about":[{"href":"https:\/\/www.montsegcastillo.com\/lacometaroja\/wp-json\/wp\/v2\/types\/post"}],"author":[{"embeddable":true,"href":"https:\/\/www.montsegcastillo.com\/lacometaroja\/wp-json\/wp\/v2\/users\/1"}],"replies":[{"embeddable":true,"href":"https:\/\/www.montsegcastillo.com\/lacometaroja\/wp-json\/wp\/v2\/comments?post=191"}],"version-history":[{"count":2,"href":"https:\/\/www.montsegcastillo.com\/lacometaroja\/wp-json\/wp\/v2\/posts\/191\/revisions"}],"predecessor-version":[{"id":1867,"href":"https:\/\/www.montsegcastillo.com\/lacometaroja\/wp-json\/wp\/v2\/posts\/191\/revisions\/1867"}],"wp:featuredmedia":[{"embeddable":true,"href":"https:\/\/www.montsegcastillo.com\/lacometaroja\/wp-json\/wp\/v2\/media\/575"}],"wp:attachment":[{"href":"https:\/\/www.montsegcastillo.com\/lacometaroja\/wp-json\/wp\/v2\/media?parent=191"}],"wp:term":[{"taxonomy":"category","embeddable":true,"href":"https:\/\/www.montsegcastillo.com\/lacometaroja\/wp-json\/wp\/v2\/categories?post=191"},{"taxonomy":"post_tag","embeddable":true,"href":"https:\/\/www.montsegcastillo.com\/lacometaroja\/wp-json\/wp\/v2\/tags?post=191"}],"curies":[{"name":"wp","href":"https:\/\/api.w.org\/{rel}","templated":true}]}}