{"id":217,"date":"2012-03-12T13:07:00","date_gmt":"2012-03-12T13:07:00","guid":{"rendered":"http:\/\/www.montsegcastillo.com\/lacometaroja\/uncategorized\/retirarte-es-el-combate-mas-dificil\/"},"modified":"2026-09-03T12:13:33","modified_gmt":"2026-09-03T12:13:33","slug":"retirarte-es-el-combate-mas-dificil","status":"publish","type":"post","link":"https:\/\/www.montsegcastillo.com\/lacometaroja\/byn\/retirarte-es-el-combate-mas-dificil\/","title":{"rendered":"Retirarte es el combate m\u00e1s dif\u00edcil"},"content":{"rendered":"<div style=\"clear: both; text-align: center;\"><a href=\"http:\/\/www.montsegcastillo.com\/lacometaroja\/wp-content\/uploads\/2012\/03\/rayito.jpg\"><img loading=\"lazy\" decoding=\"async\" class=\"aligncenter size-full wp-image-604\" src=\"http:\/\/www.montsegcastillo.com\/lacometaroja\/wp-content\/uploads\/2012\/03\/rayito.jpg\" alt=\"rayito\" width=\"667\" height=\"1000\" srcset=\"https:\/\/www.montsegcastillo.com\/lacometaroja\/wp-content\/uploads\/2012\/03\/rayito.jpg 667w, https:\/\/www.montsegcastillo.com\/lacometaroja\/wp-content\/uploads\/2012\/03\/rayito-200x300.jpg 200w, https:\/\/www.montsegcastillo.com\/lacometaroja\/wp-content\/uploads\/2012\/03\/rayito-326x488.jpg 326w\" sizes=\"auto, (max-width: 667px) 100vw, 667px\" \/><\/a><\/div>\n<p>A toda la familia del boxeo espa\u00f1ol.<\/p>\n<p>Yo, <b>\u00d3scar S\u00e1nchez Sandoval<\/b>, quiero aprovechar estas l\u00edneas para comunicaros que en el d\u00eda de hoy he decidido poner punto y final a mi carrera como boxeador profesional..<br \/>\nHa sido una decisi\u00f3n muy dura, pero despu\u00e9s de varias semanas medit\u00e1ndolo he comprendido que era lo mejor. Son miles de circunstancias las que me han empujado a ello. Ahora entiendo las palabras de <b>Javier Castillejo<\/b> o <b>Alfonso Redondo<\/b>, cuando me dijeron que retirarse era el combate m\u00e1s dif\u00edcil al que jam\u00e1s se enfrentaron. Ten\u00edan raz\u00f3n. No me importa reconocer que ahora, seg\u00fan escribo estas l\u00edneas, pienso en ello y lloro como un ni\u00f1o. Tal y como muchos otros hicieron antes que yo. Qu\u00e9 duro es decir adi\u00f3s.<\/p>\n<p>Parece que fue ayer cuando comenc\u00e9 en el gimnasio Vicente Calder\u00f3n, bajo las ordenes del gran entrenador <b>Pedro Par\u00eds<\/b>, ya fallecido. A veces me pregunto qu\u00e9 habr\u00eda sido de mi carrera si \u00e9l hubiese estado siempre a mi lado, pero son cosas que nunca sabr\u00e9. As\u00ed es la vida del artista, supongo.<\/p>\n<p>Tengo que agradec\u00e9rselo todo al boxeo, porque adem\u00e1s de ser mi vida me ense\u00f1\u00f3 todo lo bueno y todo lo malo que hay en ella. Desde la gente m\u00e1s leal y noble, capaces de no hablar por no herirme, a seres despreciables a los que le das tu vida, tu sacrificio, tu lealtad y, al final, descubres que s\u00f3lo fuiste simple mercanc\u00eda f\u00e1cil de manipular. Pero el tiempo pone a cada uno en su sitio y esa gente tiene que desaparecer, en esa pelea estamos y estaremos todos juntos. La dignidad del boxeador debe prevalecer, y lo har\u00e1.<\/p>\n<p>Me voy con la pena de no haber podido disputar un combate grande, una de esas peleas con las que todos so\u00f1amos desde el primer d\u00eda que pisamos un gimnasio. A veces me pregunto qu\u00e9 fall\u00f3. Me voy con s\u00f3lo 4 derrotas en 40 combates. Orgulloso de haber sido durante 10 a\u00f1os campe\u00f3n de Espa\u00f1a en 2 pesos, indistintamente, y con un t\u00edtulo transcontinental. Al parecer no fueron m\u00e9ritos, nunca lleg\u00f3 esa llamada. Qu\u00e9 dif\u00edcil es ser campe\u00f3n y qu\u00e9 poco m\u00e9rito da este Pa\u00eds a los que s\u00ed cumplieron su sue\u00f1o.<\/p>\n<p>No me retir\u00f3 castigado, ni creo que se me haya pasado el arroz. Son muchos a\u00f1os y, al final, cuando uno se encuentra solo y sin motivaci\u00f3n entiende que es el momento de dejarlo No puedo enga\u00f1arme a m\u00ed mismo, ni tampoco a vosotros.<\/p>\n<p>Me retiro como boxeador pero empieza una nueva etapa para m\u00ed como manager. No puedo irme del mundo del boxeo porque yo nac\u00ed boxeador y, sin duda, morir\u00e9 siendo boxeador. Si ayer so\u00f1aba con grandes combates, a partir de ma\u00f1ana lo har\u00e9 tratando de conseguir para los boxeadores aquello que yo nunca tuve; Oportunidades, honestidad y, sobre todo, sinceridad. Lo har\u00e9 desde la promotora <b>Maravilla Box<\/b>. Al gran campe\u00f3n que es <b>Sergio Mart\u00ednez<\/b> le empuja otra pelea, que es la de devolver al boxeo espa\u00f1ol la oportunidad que \u00e9l tuvo para salir adelante en este dif\u00edcil mundo. No olvida a Espa\u00f1a, y desde su situaci\u00f3n nos quiere ayudar. Es un grande.<br \/>\nSer\u00e9 el manager general de Maravilla Box en Espa\u00f1a, y estamos abiertos a todos aquellos managers que entiendan que el boxeador merece respeto y no ser enga\u00f1ado. El boxeador es lo m\u00e1s importante, as\u00ed como una estructura bien definida, y es justo reconocer que sin los boxeadores no hay boxeo. Creo que hay que devolver la dignidad al boxeo espa\u00f1ol, en esa pelea estamos todos juntos. Ayudadnos a trabajar por y para el boxeo.<\/p>\n<p>Gracias a todos.<\/p>\n<p><b>\u00d3scar S\u00e1nchez Sandoval.<\/b><\/p>\n<div><\/div>\n","protected":false},"excerpt":{"rendered":"<p>A toda la familia del boxeo espa\u00f1ol. Yo, \u00d3scar S\u00e1nchez Sandoval, quiero aprovechar estas l\u00edneas para comunicaros que en el d\u00eda de hoy he decidido poner punto y final a mi carrera como boxeador profesional.. Ha sido una decisi\u00f3n muy dura, pero despu\u00e9s de varias semanas medit\u00e1ndolo he comprendido que era lo mejor. Son miles &#8230; <span class=\"more\"><a class=\"more-link\" href=\"https:\/\/www.montsegcastillo.com\/lacometaroja\/byn\/retirarte-es-el-combate-mas-dificil\/\">[Read more&#8230;]<\/a><\/span><\/p>\n","protected":false},"author":1,"featured_media":604,"comment_status":"closed","ping_status":"open","sticky":false,"template":"","format":"standard","meta":{"ngg_post_thumbnail":0,"_jetpack_newsletter_access":"","_jetpack_dont_email_post_to_subs":false,"_jetpack_newsletter_tier_id":0,"_jetpack_memberships_contains_paywalled_content":false,"_jetpack_feature_clip_id":0,"_jetpack_memberships_contains_paid_content":false,"footnotes":"","jetpack_publicize_message":"","jetpack_publicize_feature_enabled":true,"jetpack_social_post_already_shared":false,"jetpack_social_options":{"image_generator_settings":{"template":"highway","default_image_id":0,"font":"","enabled":false},"version":2},"jetpack_post_was_ever_published":false},"categories":[5,7,19,8],"tags":[],"class_list":["entry","post","publish","author-admin","post-217","format-standard","has-post-thumbnail","category-byn","category-deportes-de-contacto","category-historias","category-retrato"],"jetpack_publicize_connections":[],"jetpack_sharing_enabled":true,"jetpack_shortlink":"https:\/\/wp.me\/p4YOqD-3v","jetpack_featured_media_url":"https:\/\/www.montsegcastillo.com\/lacometaroja\/wp-content\/uploads\/2012\/03\/rayito.jpg","_links":{"self":[{"href":"https:\/\/www.montsegcastillo.com\/lacometaroja\/wp-json\/wp\/v2\/posts\/217","targetHints":{"allow":["GET"]}}],"collection":[{"href":"https:\/\/www.montsegcastillo.com\/lacometaroja\/wp-json\/wp\/v2\/posts"}],"about":[{"href":"https:\/\/www.montsegcastillo.com\/lacometaroja\/wp-json\/wp\/v2\/types\/post"}],"author":[{"embeddable":true,"href":"https:\/\/www.montsegcastillo.com\/lacometaroja\/wp-json\/wp\/v2\/users\/1"}],"replies":[{"embeddable":true,"href":"https:\/\/www.montsegcastillo.com\/lacometaroja\/wp-json\/wp\/v2\/comments?post=217"}],"version-history":[{"count":2,"href":"https:\/\/www.montsegcastillo.com\/lacometaroja\/wp-json\/wp\/v2\/posts\/217\/revisions"}],"predecessor-version":[{"id":1873,"href":"https:\/\/www.montsegcastillo.com\/lacometaroja\/wp-json\/wp\/v2\/posts\/217\/revisions\/1873"}],"wp:featuredmedia":[{"embeddable":true,"href":"https:\/\/www.montsegcastillo.com\/lacometaroja\/wp-json\/wp\/v2\/media\/604"}],"wp:attachment":[{"href":"https:\/\/www.montsegcastillo.com\/lacometaroja\/wp-json\/wp\/v2\/media?parent=217"}],"wp:term":[{"taxonomy":"category","embeddable":true,"href":"https:\/\/www.montsegcastillo.com\/lacometaroja\/wp-json\/wp\/v2\/categories?post=217"},{"taxonomy":"post_tag","embeddable":true,"href":"https:\/\/www.montsegcastillo.com\/lacometaroja\/wp-json\/wp\/v2\/tags?post=217"}],"curies":[{"name":"wp","href":"https:\/\/api.w.org\/{rel}","templated":true}]}}