{"id":251,"date":"2012-02-19T11:00:00","date_gmt":"2012-02-19T11:00:00","guid":{"rendered":"http:\/\/www.montsegcastillo.com\/lacometaroja\/uncategorized\/hablamos-de-grandes\/"},"modified":"2026-09-03T12:13:33","modified_gmt":"2026-09-03T12:13:33","slug":"hablamos-de-grandes","status":"publish","type":"post","link":"https:\/\/www.montsegcastillo.com\/lacometaroja\/byn\/hablamos-de-grandes\/","title":{"rendered":"Hablamos de Grandes"},"content":{"rendered":"<div style=\"clear: both; text-align: center;\"><\/div>\n<div style=\"clear: both; text-align: center;\"><\/div>\n<div style=\"clear: both; text-align: center;\"><\/div>\n<div style=\"clear: both; text-align: center;\"><span style=\"font-size: xx-small;\">Gabriel \u00abChico Guapo\u00bb Campillo<\/span><\/div>\n<div style=\"clear: both; text-align: center;\"><\/div>\n<div style=\"clear: both; text-align: center;\"><a href=\"http:\/\/www.montsegcastillo.com\/lacometaroja\/wp-content\/uploads\/2012\/02\/grande.jpg\"><img loading=\"lazy\" decoding=\"async\" class=\"aligncenter size-full wp-image-639\" src=\"http:\/\/www.montsegcastillo.com\/lacometaroja\/wp-content\/uploads\/2012\/02\/grande.jpg\" alt=\"grande\" width=\"1000\" height=\"1000\" srcset=\"https:\/\/www.montsegcastillo.com\/lacometaroja\/wp-content\/uploads\/2012\/02\/grande.jpg 1000w, https:\/\/www.montsegcastillo.com\/lacometaroja\/wp-content\/uploads\/2012\/02\/grande-150x150.jpg 150w, https:\/\/www.montsegcastillo.com\/lacometaroja\/wp-content\/uploads\/2012\/02\/grande-300x300.jpg 300w, https:\/\/www.montsegcastillo.com\/lacometaroja\/wp-content\/uploads\/2012\/02\/grande-326x326.jpg 326w, https:\/\/www.montsegcastillo.com\/lacometaroja\/wp-content\/uploads\/2012\/02\/grande-700x700.jpg 700w\" sizes=\"auto, (max-width: 1000px) 100vw, 1000px\" \/><\/a><\/div>\n<div style=\"text-align: justify;\"><span style=\"font-size: small;\"><i>Carta abierta de Gabriel Campillo a todos los aficionados que le brindaron su apoyo tras el combate frente a Cloud.<\/i><\/span><\/div>\n<blockquote>\n<h6 style=\"font-weight: normal; text-align: justify;\" data-ft=\"{&quot;type&quot;:1}\"><span style=\"font-size: large;\"><span data-ft=\"{&quot;type&quot;:3}\">Queridos amigos, es para mi un placer compartir unas palabras con la afici\u00f3n que me ha dado fuerza, \u00e1nimo y coraje durante estos largos meses que he pasado lejos de casa.<br \/>\nUnos meses en los que he puesto toda mi energ\u00eda, ilusiones y esperanzas para volver a ser de nuevo campe\u00f3n del mundo, algo que cre\u00ed con toda mi fe haber conseguido cuando son\u00f3 la campana final. El resto de la historia a estas alturas supongo que ya lo sabr\u00e9is.<br \/>\nEvidentemente cuando sacrificas tanto con una sola ilusi\u00f3n, y te roban lo que con tu esfuerzo te has ganado supone un duro golpe.<br \/>\nPero este deporte est\u00e1 as\u00ed, esto es lo que tenemos, y al menos yo no veo otra salida que aceptarlo, o dejarlo.<br \/>\nPero esto no significa que no haya una parte positiva, que es con la que yo me quedo.<br \/>\nY la parte positiva es que hoy soy m\u00e1s grande que ayer, hoy soy el boxeador que le di\u00f3 una clase de boxeo a Cloud, el primero que le hizo sufrir de verdad y le llev\u00f3 al l\u00edmite. El que le gan\u00f3, digan lo que digan los jueces, cuando muchos &#8216;entendidos&#8217; y &#8216;medio entendidos&#8217; afirmaban que estaba varios escalones por debajo de el. La parte positiva es que no estoy por debajo de NADIE. La parte positiva es que soy uno de los mejores semipesados del mundo, aunque muchos se crean todav\u00eda que lo de fuera siempre es mejor. La parte positiva es que mi trabajo ha gustado y Showtime as\u00ed nos lo ha hecho saber, tambi\u00e9n a pesar de lo que alg\u00fan &#8216;experto en televisi\u00f3n&#8217; auguraba<br \/>\nY lo mejor de todo es que tengo una legi\u00f3n de amigos y seguidores que nunca dejar\u00e1n de apoyarme, que conf\u00edan en mi ciegamente sea cual sea el rival, el lugar y la circunstancia, como me hab\u00e9is demostrado estos d\u00edas con el aluvi\u00f3n de mensajes recibidos. Os lo agradezco de coraz\u00f3n, cada uno me hac\u00eda sentir un poco mejor, dar un poco m\u00e1s.<\/span><\/span><\/h6>\n<\/blockquote>\n<p>En unas horas vuelvo a Espa\u00f1a con mi familia, con los deberes hechos, el examen con nota y las puertas de par en par aqu\u00ed en USA. Agradecer al grandioso Team Maravilla, con <a href=\"http:\/\/www.facebook.com\/profile.php?id=100001536336176\" data-hovercard=\"\/ajax\/hovercard\/user.php?id=100001536336176\">Sergio G. Martinez<\/a> y <a href=\"http:\/\/www.facebook.com\/pablodaniel.sarmiento\" data-hovercard=\"\/ajax\/hovercard\/user.php?id=1184559292\">Pablo Daniel Sarmiento<\/a> a la cabeza, por el magn\u00edfico trabajo realizado, a M.D.P por su casa, a mi promotor Sampson Lewcowicz, y por supuesto mi gran rinc\u00f3n de grandes profesionales y amigos, <a href=\"http:\/\/www.facebook.com\/rayito.sanchez\" data-hovercard=\"\/ajax\/hovercard\/user.php?id=722186590\">Rayito Sanchez<\/a>, <a href=\"http:\/\/www.facebook.com\/oscar.zardain\" data-hovercard=\"\/ajax\/hovercard\/user.php?id=1545254157\">\u00d3scar Zardain<\/a>, y el doctor Roger Anderson.<\/p>\n<p>Seguiremos buscando t\u00edtulos, triunfos y orgullo para el boxeo espa\u00f1ol, QUE NADIE PIENSE QUE ESTOY TRISTE!!<br \/>\nUn abrazo y mil gracias a todos.<\/p>\n<h6 style=\"text-align: center;\" data-ft=\"{&quot;type&quot;:1}\"><span style=\"font-size: x-small;\"><span data-ft=\"{&quot;type&quot;:3}\"><span style=\"font-weight: normal;\">Fotograf\u00eda: Montse Castillo \/ Texto: Gabriel \u00abChico Guapo\u00bb Campillo <\/span><\/span><\/span><\/h6>\n<div style=\"text-align: left;\"><span style=\"font-size: xx-small;\">(La Foto pertenece a la Velada del 15\/05\/2010 en La Cubierta de Legan\u00e9s &#8211; Madrid)<\/span><\/div>\n<h6 data-ft=\"{&quot;type&quot;:1}\"><span style=\"font-size: xx-small;\"><span data-ft=\"{&quot;type&quot;:3}\">\u00a0<\/span><\/span><\/h6>\n","protected":false},"excerpt":{"rendered":"<p>Gabriel \u00abChico Guapo\u00bb Campillo Carta abierta de Gabriel Campillo a todos los aficionados que le brindaron su apoyo tras el combate frente a Cloud. Queridos amigos, es para mi un placer compartir unas palabras con la afici\u00f3n que me ha dado fuerza, \u00e1nimo y coraje durante estos largos meses que he pasado lejos de casa. &#8230; <span class=\"more\"><a class=\"more-link\" href=\"https:\/\/www.montsegcastillo.com\/lacometaroja\/byn\/hablamos-de-grandes\/\">[Read more&#8230;]<\/a><\/span><\/p>\n","protected":false},"author":1,"featured_media":639,"comment_status":"closed","ping_status":"open","sticky":false,"template":"","format":"standard","meta":{"ngg_post_thumbnail":0,"_jetpack_newsletter_access":"","_jetpack_dont_email_post_to_subs":false,"_jetpack_newsletter_tier_id":0,"_jetpack_memberships_contains_paywalled_content":false,"_jetpack_feature_clip_id":0,"_jetpack_memberships_contains_paid_content":false,"footnotes":"","jetpack_publicize_message":"","jetpack_publicize_feature_enabled":true,"jetpack_social_post_already_shared":false,"jetpack_social_options":{"image_generator_settings":{"template":"highway","default_image_id":0,"font":"","enabled":false},"version":2},"jetpack_post_was_ever_published":false},"categories":[17,5,7,19,8],"tags":[],"class_list":["entry","post","publish","author-admin","post-251","format-standard","has-post-thumbnail","category-agradecimientos","category-byn","category-deportes-de-contacto","category-historias","category-retrato"],"jetpack_publicize_connections":[],"jetpack_sharing_enabled":true,"jetpack_shortlink":"https:\/\/wp.me\/p4YOqD-43","jetpack_featured_media_url":"https:\/\/www.montsegcastillo.com\/lacometaroja\/wp-content\/uploads\/2012\/02\/grande.jpg","_links":{"self":[{"href":"https:\/\/www.montsegcastillo.com\/lacometaroja\/wp-json\/wp\/v2\/posts\/251","targetHints":{"allow":["GET"]}}],"collection":[{"href":"https:\/\/www.montsegcastillo.com\/lacometaroja\/wp-json\/wp\/v2\/posts"}],"about":[{"href":"https:\/\/www.montsegcastillo.com\/lacometaroja\/wp-json\/wp\/v2\/types\/post"}],"author":[{"embeddable":true,"href":"https:\/\/www.montsegcastillo.com\/lacometaroja\/wp-json\/wp\/v2\/users\/1"}],"replies":[{"embeddable":true,"href":"https:\/\/www.montsegcastillo.com\/lacometaroja\/wp-json\/wp\/v2\/comments?post=251"}],"version-history":[{"count":2,"href":"https:\/\/www.montsegcastillo.com\/lacometaroja\/wp-json\/wp\/v2\/posts\/251\/revisions"}],"predecessor-version":[{"id":1881,"href":"https:\/\/www.montsegcastillo.com\/lacometaroja\/wp-json\/wp\/v2\/posts\/251\/revisions\/1881"}],"wp:featuredmedia":[{"embeddable":true,"href":"https:\/\/www.montsegcastillo.com\/lacometaroja\/wp-json\/wp\/v2\/media\/639"}],"wp:attachment":[{"href":"https:\/\/www.montsegcastillo.com\/lacometaroja\/wp-json\/wp\/v2\/media?parent=251"}],"wp:term":[{"taxonomy":"category","embeddable":true,"href":"https:\/\/www.montsegcastillo.com\/lacometaroja\/wp-json\/wp\/v2\/categories?post=251"},{"taxonomy":"post_tag","embeddable":true,"href":"https:\/\/www.montsegcastillo.com\/lacometaroja\/wp-json\/wp\/v2\/tags?post=251"}],"curies":[{"name":"wp","href":"https:\/\/api.w.org\/{rel}","templated":true}]}}