{"id":30,"date":"2014-08-12T09:55:00","date_gmt":"2014-08-12T09:55:00","guid":{"rendered":"http:\/\/www.montsegcastillo.com\/lacometaroja\/uncategorized\/entrevista-para-el-programa-el-talento\/"},"modified":"2026-09-03T12:13:31","modified_gmt":"2026-09-03T12:13:31","slug":"entrevista-para-el-programa-el-talento","status":"publish","type":"post","link":"https:\/\/www.montsegcastillo.com\/lacometaroja\/entrevistas\/entrevista-para-el-programa-el-talento\/","title":{"rendered":"Entrevista para el programa El Talento"},"content":{"rendered":"<p><i>El Talento de combinar dos artes: Hablamos de fotograf\u00eda y deportes de contacto con\u00a0@TheLadyBoxing<\/i><\/p>\n<div style=\"text-align: left;\"><\/div>\n<div style=\"clear: both; text-align: center;\"><\/div>\n<div style=\"clear: both; text-align: center;\"><\/div>\n<div style=\"clear: both; text-align: center;\"><a style=\"margin-left: 1em; margin-right: 1em;\" href=\"http:\/\/www.montsegcastillo.com\/lacometaroja\/wp-content\/uploads\/2014\/08\/montse-castillo.jpeg\"><img loading=\"lazy\" decoding=\"async\" src=\"http:\/\/www.montsegcastillo.com\/lacometaroja\/wp-content\/uploads\/2014\/08\/montse-castillo.jpeg\" alt=\"\" width=\"320\" height=\"320\" border=\"0\" \/><\/a><\/div>\n<div style=\"text-align: center;\"><a href=\"http:\/\/eltalento.org\/2014\/08\/07\/el-talento-de-combinar-dos-artes-hablamos-de-fotografia-y-deportes-de-contacto-con-theladyboxing\/\" target=\"_blank\">El Talento<\/a><\/div>\n<div style=\"text-align: center;\"><\/div>\n<div style=\"text-align: justify;\">El pasado 31 de Julio disfrutamos de un @Caf\u00e9Talento en muy buena compa\u00f1\u00eda.<\/div>\n<div style=\"text-align: justify;\">Dos voces nuevas, <a title=\"La Cometa Roja via eltalento por Mar\u00eda Jim\u00e9nez\" href=\"http:\/\/www.montsegcastillo.com\/lacometaroja\/\" target=\"_blank\">Montse Castillo<\/a> y Jorge Ballesteros acompa\u00f1aron a nuestros <i>sospechosos habituales<\/i> (<a title=\"Post Paula Bango Ese inc\u00f3modo para\u00edso llamado talento via eltalento por Mar\u00eda Jim\u00e9nez\" href=\"http:\/\/eltalento.org\/2014\/05\/04\/ese-incomodo-paraiso-llamado-talento\/\">Paula Bango<\/a>, <a title=\"Tupsicologoengijon via ElTalento por Mar\u00eda Jim\u00e9nez\" href=\"http:\/\/www.tupsicologoengijon.es\/\" target=\"_blank\">Mar\u00eda Jim\u00e9nez<\/a>, <a title=\"Selenitastic via eltalento por Mar\u00eda Jim\u00e9nez\" href=\"http:\/\/www.selenitastic.com\/\" target=\"_blank\">Patry Pic\u00f3n<\/a>, <a title=\"Oviedo Coaching via eltalento por Mar\u00eda Jim\u00e9nez\" href=\"http:\/\/oviedocoaching.wordpress.com\/\" target=\"_blank\">Jonatan Piedra<\/a>, Elena Arg\u00fcelles, To\u00f1o Nicol\u00e1s) en el repaso de los programas del mes y aportaron su particular visi\u00f3n sobre las diferencias entre las personas exitosas y aquellas que no lo son, sobre la b\u00fasqueda del \u201celemento\u201d y sobre la disyuntiva que dio pie al programa de #<i>talentoadultos<\/i>: \u00bfsomos lo que hacemos o hacemos lo que somos?<\/div>\n<div style=\"text-align: justify;\">Hicimos un gui\u00f1o a una de las publicaciones en nuestro <a title=\"eltalento via eltalento por Mar\u00eda Jim\u00e9nez\" href=\"http:\/\/www.eltalento.org\/\">blog<\/a>, la <a title=\"design thinking via eltalento por Mar\u00eda Jim\u00e9nez\" href=\"http:\/\/eltalento.org\/2014\/07\/07\/design-thinking\/\">infograf\u00eda <\/a>de <a title=\"Web Jano dise\u00f1o gr\u00e1fico via eltalento por Mar\u00eda Jim\u00e9nez\" href=\"http:\/\/jano.nom.es\/\" target=\"_blank\">Jano <\/a>sobre <a title=\"Design Thinking wikipedia via eltalento por Mar\u00eda Jim\u00e9nez\" href=\"http:\/\/en.wikipedia.org\/wiki\/Design_thinking\" target=\"_blank\">Design Thinking<\/a>, y, de la mano de\u00a0<a title=\"SelenitasTIC via ElTalento por Mar\u00eda Jim\u00e9nez\" href=\"http:\/\/www.selenitastic.com\/\" target=\"_blank\">Patry\u00a0Pic\u00f3n<\/a>, profundizamos y comprendimos la utilidad de ese concepto.<\/div>\n<div style=\"text-align: justify;\">Nuestra entrevistada, <a title=\"La Cometa Roja via ElTalento por Mar\u00eda Jim\u00e9nez\" href=\"http:\/\/www.montsegcastillo.com\/lacometaroja\/\" target=\"_blank\">Montse Castillo<\/a>, fot\u00f3grafa y profesora de fotograf\u00eda, nos habl\u00f3 de su experiencia m\u00e1s all\u00e1 de la c\u00e1mara: comparti\u00f3 con nosotros su historia, el camino curvil\u00edneo que la llev\u00f3 a encontrar su pasi\u00f3n, y c\u00f3mo lleg\u00f3 a convertirse en fot\u00f3grafa de reportaje y se acerc\u00f3 a un \u00e1mbito deportivo lleno de mitos: los<a title=\"Deportes de contacto wikipedia via eltalento por Mar\u00eda Jim\u00e9nez\" href=\"http:\/\/es.wikipedia.org\/wiki\/Deporte_de_combate\" target=\"_blank\"> deportes de contacto<\/a>.<\/div>\n<div style=\"text-align: justify;\">Un programa equilibrado, fluido y lleno de an\u00e9cdotas que, quiz\u00e1 no te deje <a title=\"KO Wikipedia via eltalento por Mar\u00eda Jim\u00e9nez\" href=\"http:\/\/es.wikipedia.org\/wiki\/Nocaut\" target=\"_blank\">K.O<\/a>, pero probablemente despierte y avive tu curiosidad por las distintas formas en que el Talento se manifiesta.<\/div>\n<div style=\"text-align: justify;\"><\/div>\n<div style=\"clear: both; text-align: center;\"><\/div>\n<div style=\"clear: both; text-align: center;\"><\/div>\n<div style=\"text-align: center;\">Enlace para oir la entrevista : <a href=\"https:\/\/ia902308.us.archive.org\/27\/items\/eltalebto31072014\/eltalebto31072014.mp3\" target=\"_blank\">Archivo<\/a><\/div>\n<div><\/div>\n","protected":false},"excerpt":{"rendered":"<p>El Talento de combinar dos artes: Hablamos de fotograf\u00eda y deportes de contacto con\u00a0@TheLadyBoxing El Talento El pasado 31 de Julio disfrutamos de un @Caf\u00e9Talento en muy buena compa\u00f1\u00eda. Dos voces nuevas, Montse Castillo y Jorge Ballesteros acompa\u00f1aron a nuestros sospechosos habituales (Paula Bango, Mar\u00eda Jim\u00e9nez, Patry Pic\u00f3n, Jonatan Piedra, Elena Arg\u00fcelles, To\u00f1o Nicol\u00e1s) en &#8230; <span class=\"more\"><a class=\"more-link\" href=\"https:\/\/www.montsegcastillo.com\/lacometaroja\/entrevistas\/entrevista-para-el-programa-el-talento\/\">[Read more&#8230;]<\/a><\/span><\/p>\n","protected":false},"author":1,"featured_media":295,"comment_status":"closed","ping_status":"open","sticky":false,"template":"","format":"standard","meta":{"ngg_post_thumbnail":0,"_jetpack_newsletter_access":"","_jetpack_dont_email_post_to_subs":false,"_jetpack_newsletter_tier_id":0,"_jetpack_memberships_contains_paywalled_content":false,"_jetpack_feature_clip_id":0,"_jetpack_memberships_contains_paid_content":false,"footnotes":"","jetpack_publicize_message":"undefined","jetpack_publicize_feature_enabled":true,"jetpack_social_post_already_shared":false,"jetpack_social_options":{"image_generator_settings":{"template":"highway","default_image_id":0,"font":"","enabled":false},"version":2},"jetpack_post_was_ever_published":false},"categories":[29],"tags":[],"class_list":["entry","post","publish","author-admin","post-30","format-standard","has-post-thumbnail","category-entrevistas"],"jetpack_publicize_connections":[],"jetpack_sharing_enabled":true,"jetpack_shortlink":"https:\/\/wp.me\/p4YOqD-u","jetpack_featured_media_url":"https:\/\/www.montsegcastillo.com\/lacometaroja\/wp-content\/uploads\/2014\/08\/montse-castillo.jpeg","_links":{"self":[{"href":"https:\/\/www.montsegcastillo.com\/lacometaroja\/wp-json\/wp\/v2\/posts\/30","targetHints":{"allow":["GET"]}}],"collection":[{"href":"https:\/\/www.montsegcastillo.com\/lacometaroja\/wp-json\/wp\/v2\/posts"}],"about":[{"href":"https:\/\/www.montsegcastillo.com\/lacometaroja\/wp-json\/wp\/v2\/types\/post"}],"author":[{"embeddable":true,"href":"https:\/\/www.montsegcastillo.com\/lacometaroja\/wp-json\/wp\/v2\/users\/1"}],"replies":[{"embeddable":true,"href":"https:\/\/www.montsegcastillo.com\/lacometaroja\/wp-json\/wp\/v2\/comments?post=30"}],"version-history":[{"count":2,"href":"https:\/\/www.montsegcastillo.com\/lacometaroja\/wp-json\/wp\/v2\/posts\/30\/revisions"}],"predecessor-version":[{"id":1681,"href":"https:\/\/www.montsegcastillo.com\/lacometaroja\/wp-json\/wp\/v2\/posts\/30\/revisions\/1681"}],"wp:featuredmedia":[{"embeddable":true,"href":"https:\/\/www.montsegcastillo.com\/lacometaroja\/wp-json\/wp\/v2\/media\/295"}],"wp:attachment":[{"href":"https:\/\/www.montsegcastillo.com\/lacometaroja\/wp-json\/wp\/v2\/media?parent=30"}],"wp:term":[{"taxonomy":"category","embeddable":true,"href":"https:\/\/www.montsegcastillo.com\/lacometaroja\/wp-json\/wp\/v2\/categories?post=30"},{"taxonomy":"post_tag","embeddable":true,"href":"https:\/\/www.montsegcastillo.com\/lacometaroja\/wp-json\/wp\/v2\/tags?post=30"}],"curies":[{"name":"wp","href":"https:\/\/api.w.org\/{rel}","templated":true}]}}