{"id":40,"date":"2014-05-26T19:42:00","date_gmt":"2014-05-26T19:42:00","guid":{"rendered":"http:\/\/www.montsegcastillo.com\/lacometaroja\/uncategorized\/yo-solo-levanto-peso\/"},"modified":"2026-09-03T12:13:31","modified_gmt":"2026-09-03T12:13:31","slug":"yo-solo-levanto-peso","status":"publish","type":"post","link":"https:\/\/www.montsegcastillo.com\/lacometaroja\/byn\/yo-solo-levanto-peso\/","title":{"rendered":"Yo solo levanto peso"},"content":{"rendered":"<div style=\"clear: both; text-align: center;\"><\/div>\n<div style=\"text-align: justify;\">\n<div style=\"clear: both; text-align: center;\"><a style=\"margin-left: 1em; margin-right: 1em;\" href=\"http:\/\/www.montsegcastillo.com\/lacometaroja\/wp-content\/uploads\/2014\/05\/JULIO-GARCIA_290414_0047blog.jpg\"><img loading=\"lazy\" decoding=\"async\" src=\"http:\/\/www.montsegcastillo.com\/lacometaroja\/wp-content\/uploads\/2014\/05\/JULIO-GARCIA_290414_0047blog.jpg\" alt=\"\" width=\"400\" height=\"400\" border=\"0\" \/><\/a><\/div>\n<p>&nbsp;<\/p>\n<\/div>\n<div style=\"text-align: justify;\">Julio Garc\u00eda, campe\u00f3n del mundo de Press banca y campe\u00f3n de Espa\u00f1a. Actualmente, r\u00e9cord de Espa\u00f1a con 230Kg<\/div>\n<div style=\"text-align: justify;\">A este grandull\u00f3n se le pregunt\u00f3 hace poco \u00bfQu\u00e9 es para ti ser fuerte? y contest\u00f3: <span style=\"font-size: small;\"><i>\u00abSer fuerte es mi suegro Balbino que sac\u00f3 adelante 5 hijos mientras su mujer luchaba por su vida durante 8 a\u00f1os en un hospital. O aquel padre que tiene un hijo con deficiencias f\u00edsicas y cuando lo saca a pasear nota las miradas de la gente o aquellos padres que tienen un hijo con una enfermedad irreversible y sabiendo que lo van a perder \u00a0siguen sonri\u00e9ndole. Yo solo levanto peso.\u00bb<\/i><\/span><\/div>\n<div style=\"text-align: justify;\"><span style=\"font-size: x-small;\"><span style=\"font-size: small;\">Y no me sorprendi\u00f3 la respuesta, despu\u00e9s de conocerle un poco. Para alguien como \u00e9l, levantar peso es solo un deporte, una forma m\u00e1s de superaci\u00f3n, pero no una demostraci\u00f3n de fuerza por extra\u00f1o que parezca.<\/span><\/span><\/div>\n<div style=\"text-align: justify;\"><\/div>\n<div style=\"text-align: center;\"><span style=\"font-size: x-small;\">Fotograf\u00eda y Texto: Montse Castillo <i><br \/>\n<\/i><\/span><\/div>\n<div><\/div>\n","protected":false},"excerpt":{"rendered":"<p>&nbsp; Julio Garc\u00eda, campe\u00f3n del mundo de Press banca y campe\u00f3n de Espa\u00f1a. Actualmente, r\u00e9cord de Espa\u00f1a con 230Kg A este grandull\u00f3n se le pregunt\u00f3 hace poco \u00bfQu\u00e9 es para ti ser fuerte? y contest\u00f3: \u00abSer fuerte es mi suegro Balbino que sac\u00f3 adelante 5 hijos mientras su mujer luchaba por su vida durante 8 &#8230; <span class=\"more\"><a class=\"more-link\" href=\"https:\/\/www.montsegcastillo.com\/lacometaroja\/byn\/yo-solo-levanto-peso\/\">[Read more&#8230;]<\/a><\/span><\/p>\n","protected":false},"author":1,"featured_media":335,"comment_status":"closed","ping_status":"open","sticky":false,"template":"","format":"standard","meta":{"ngg_post_thumbnail":0,"_jetpack_newsletter_access":"","_jetpack_dont_email_post_to_subs":false,"_jetpack_newsletter_tier_id":0,"_jetpack_memberships_contains_paywalled_content":false,"_jetpack_feature_clip_id":0,"_jetpack_memberships_contains_paid_content":false,"footnotes":"","jetpack_publicize_message":"","jetpack_publicize_feature_enabled":true,"jetpack_social_post_already_shared":false,"jetpack_social_options":{"image_generator_settings":{"template":"highway","default_image_id":0,"font":"","enabled":false},"version":2},"jetpack_post_was_ever_published":false},"categories":[5,14,12,8,13],"tags":[],"class_list":["entry","post","publish","author-admin","post-40","format-standard","has-post-thumbnail","category-byn","category-press-banca","category-reportaje","category-retrato","category-textomontse"],"jetpack_publicize_connections":[],"jetpack_sharing_enabled":true,"jetpack_shortlink":"https:\/\/wp.me\/p4YOqD-E","jetpack_featured_media_url":"https:\/\/www.montsegcastillo.com\/lacometaroja\/wp-content\/uploads\/2014\/05\/JULIO-GARCIA_290414_0047blog.jpg","_links":{"self":[{"href":"https:\/\/www.montsegcastillo.com\/lacometaroja\/wp-json\/wp\/v2\/posts\/40","targetHints":{"allow":["GET"]}}],"collection":[{"href":"https:\/\/www.montsegcastillo.com\/lacometaroja\/wp-json\/wp\/v2\/posts"}],"about":[{"href":"https:\/\/www.montsegcastillo.com\/lacometaroja\/wp-json\/wp\/v2\/types\/post"}],"author":[{"embeddable":true,"href":"https:\/\/www.montsegcastillo.com\/lacometaroja\/wp-json\/wp\/v2\/users\/1"}],"replies":[{"embeddable":true,"href":"https:\/\/www.montsegcastillo.com\/lacometaroja\/wp-json\/wp\/v2\/comments?post=40"}],"version-history":[{"count":2,"href":"https:\/\/www.montsegcastillo.com\/lacometaroja\/wp-json\/wp\/v2\/posts\/40\/revisions"}],"predecessor-version":[{"id":1759,"href":"https:\/\/www.montsegcastillo.com\/lacometaroja\/wp-json\/wp\/v2\/posts\/40\/revisions\/1759"}],"wp:featuredmedia":[{"embeddable":true,"href":"https:\/\/www.montsegcastillo.com\/lacometaroja\/wp-json\/wp\/v2\/media\/335"}],"wp:attachment":[{"href":"https:\/\/www.montsegcastillo.com\/lacometaroja\/wp-json\/wp\/v2\/media?parent=40"}],"wp:term":[{"taxonomy":"category","embeddable":true,"href":"https:\/\/www.montsegcastillo.com\/lacometaroja\/wp-json\/wp\/v2\/categories?post=40"},{"taxonomy":"post_tag","embeddable":true,"href":"https:\/\/www.montsegcastillo.com\/lacometaroja\/wp-json\/wp\/v2\/tags?post=40"}],"curies":[{"name":"wp","href":"https:\/\/api.w.org\/{rel}","templated":true}]}}