{"id":4350,"date":"2015-03-26T21:18:07","date_gmt":"2015-03-26T21:18:07","guid":{"rendered":"http:\/\/www.montsegcastillo.com\/lacometaroja\/?p=4350"},"modified":"2026-09-03T12:13:31","modified_gmt":"2026-09-03T12:13:31","slug":"promocion-campeonato-de-europa-welter-ibf","status":"publish","type":"post","link":"https:\/\/www.montsegcastillo.com\/lacometaroja\/carteleria\/promocion-campeonato-de-europa-welter-ibf\/","title":{"rendered":"Promoci\u00f3n Campeonato de Europa Welter IBF"},"content":{"rendered":"<p style=\"text-align: center;\">Maquetaci\u00f3n, dise\u00f1o y fotograf\u00eda \u00a9 Montse Castillo<\/p>\n<p style=\"text-align: center;\"><a href=\"http:\/\/www.montsegcastillo.com\/lacometaroja\/wp-content\/uploads\/2015\/10\/CAMPEONATO-WELTER.jpg\"><img loading=\"lazy\" decoding=\"async\" class=\"aligncenter size-large wp-image-4351\" src=\"http:\/\/www.montsegcastillo.com\/lacometaroja\/wp-content\/uploads\/2015\/10\/CAMPEONATO-WELTER-683x1024.jpg\" alt=\"CAMPEONATO WELTER\" width=\"683\" height=\"1024\" srcset=\"https:\/\/www.montsegcastillo.com\/lacometaroja\/wp-content\/uploads\/2015\/10\/CAMPEONATO-WELTER-683x1024.jpg 683w, https:\/\/www.montsegcastillo.com\/lacometaroja\/wp-content\/uploads\/2015\/10\/CAMPEONATO-WELTER-200x300.jpg 200w\" sizes=\"auto, (max-width: 683px) 100vw, 683px\" \/><\/a><\/p>\n","protected":false},"excerpt":{"rendered":"<p>Maquetaci\u00f3n, dise\u00f1o y fotograf\u00eda \u00a9 Montse Castillo<\/p>\n","protected":false},"author":1,"featured_media":0,"comment_status":"closed","ping_status":"closed","sticky":false,"template":"","format":"standard","meta":{"ngg_post_thumbnail":0,"_jetpack_newsletter_access":"","_jetpack_dont_email_post_to_subs":false,"_jetpack_newsletter_tier_id":0,"_jetpack_memberships_contains_paywalled_content":false,"_jetpack_feature_clip_id":0,"_jetpack_memberships_contains_paid_content":false,"footnotes":"","jetpack_publicize_message":"","jetpack_publicize_feature_enabled":true,"jetpack_social_post_already_shared":false,"jetpack_social_options":{"image_generator_settings":{"template":"highway","default_image_id":0,"font":"","enabled":false},"version":2},"jetpack_post_was_ever_published":false},"categories":[15],"tags":[],"class_list":["entry","post","publish","author-admin","post-4350","format-standard","category-carteleria"],"jetpack_publicize_connections":[],"jetpack_sharing_enabled":true,"jetpack_shortlink":"https:\/\/wp.me\/p4YOqD-18a","jetpack_featured_media_url":"","_links":{"self":[{"href":"https:\/\/www.montsegcastillo.com\/lacometaroja\/wp-json\/wp\/v2\/posts\/4350","targetHints":{"allow":["GET"]}}],"collection":[{"href":"https:\/\/www.montsegcastillo.com\/lacometaroja\/wp-json\/wp\/v2\/posts"}],"about":[{"href":"https:\/\/www.montsegcastillo.com\/lacometaroja\/wp-json\/wp\/v2\/types\/post"}],"author":[{"embeddable":true,"href":"https:\/\/www.montsegcastillo.com\/lacometaroja\/wp-json\/wp\/v2\/users\/1"}],"replies":[{"embeddable":true,"href":"https:\/\/www.montsegcastillo.com\/lacometaroja\/wp-json\/wp\/v2\/comments?post=4350"}],"version-history":[{"count":1,"href":"https:\/\/www.montsegcastillo.com\/lacometaroja\/wp-json\/wp\/v2\/posts\/4350\/revisions"}],"predecessor-version":[{"id":4352,"href":"https:\/\/www.montsegcastillo.com\/lacometaroja\/wp-json\/wp\/v2\/posts\/4350\/revisions\/4352"}],"wp:attachment":[{"href":"https:\/\/www.montsegcastillo.com\/lacometaroja\/wp-json\/wp\/v2\/media?parent=4350"}],"wp:term":[{"taxonomy":"category","embeddable":true,"href":"https:\/\/www.montsegcastillo.com\/lacometaroja\/wp-json\/wp\/v2\/categories?post=4350"},{"taxonomy":"post_tag","embeddable":true,"href":"https:\/\/www.montsegcastillo.com\/lacometaroja\/wp-json\/wp\/v2\/tags?post=4350"}],"curies":[{"name":"wp","href":"https:\/\/api.w.org\/{rel}","templated":true}]}}