{"id":4353,"date":"2015-04-28T21:24:13","date_gmt":"2015-04-28T21:24:13","guid":{"rendered":"http:\/\/www.montsegcastillo.com\/lacometaroja\/?p=4353"},"modified":"2026-09-03T12:13:31","modified_gmt":"2026-09-03T12:13:31","slug":"campeonato-de-europa-ibf-peso-welter","status":"publish","type":"post","link":"https:\/\/www.montsegcastillo.com\/lacometaroja\/carteleria\/campeonato-de-europa-ibf-peso-welter\/","title":{"rendered":"Campeonato de Europa IBF &#8211; Peso Welter"},"content":{"rendered":"<p style=\"text-align: center;\">Maquetaci\u00f3n, dise\u00f1o y fotograf\u00eda \u00a9 Montse Castillo<\/p>\n<p style=\"text-align: center;\"><a href=\"http:\/\/www.montsegcastillo.com\/lacometaroja\/wp-content\/uploads\/2015\/10\/VELADA-IBF-150515_2-copia.jpg\"><img loading=\"lazy\" decoding=\"async\" class=\"aligncenter size-large wp-image-4355\" src=\"http:\/\/www.montsegcastillo.com\/lacometaroja\/wp-content\/uploads\/2015\/10\/VELADA-IBF-150515_2-copia-734x1024.jpg\" alt=\"VELADA IBF 150515_2 copia\" width=\"700\" height=\"977\" srcset=\"https:\/\/www.montsegcastillo.com\/lacometaroja\/wp-content\/uploads\/2015\/10\/VELADA-IBF-150515_2-copia-734x1024.jpg 734w, https:\/\/www.montsegcastillo.com\/lacometaroja\/wp-content\/uploads\/2015\/10\/VELADA-IBF-150515_2-copia-215x300.jpg 215w, https:\/\/www.montsegcastillo.com\/lacometaroja\/wp-content\/uploads\/2015\/10\/VELADA-IBF-150515_2-copia.jpg 1434w\" sizes=\"auto, (max-width: 700px) 100vw, 700px\" \/><\/a><\/p>\n","protected":false},"excerpt":{"rendered":"<p>Maquetaci\u00f3n, dise\u00f1o y fotograf\u00eda \u00a9 Montse Castillo<\/p>\n","protected":false},"author":1,"featured_media":0,"comment_status":"closed","ping_status":"closed","sticky":false,"template":"","format":"standard","meta":{"ngg_post_thumbnail":0,"_jetpack_newsletter_access":"","_jetpack_dont_email_post_to_subs":false,"_jetpack_newsletter_tier_id":0,"_jetpack_memberships_contains_paywalled_content":false,"_jetpack_feature_clip_id":0,"_jetpack_memberships_contains_paid_content":false,"footnotes":"","jetpack_publicize_message":"","jetpack_publicize_feature_enabled":true,"jetpack_social_post_already_shared":false,"jetpack_social_options":{"image_generator_settings":{"template":"highway","default_image_id":0,"font":"","enabled":false},"version":2},"jetpack_post_was_ever_published":false},"categories":[15],"tags":[],"class_list":["entry","post","publish","author-admin","post-4353","format-standard","category-carteleria"],"jetpack_publicize_connections":[],"jetpack_sharing_enabled":true,"jetpack_shortlink":"https:\/\/wp.me\/p4YOqD-18d","jetpack_featured_media_url":"","_links":{"self":[{"href":"https:\/\/www.montsegcastillo.com\/lacometaroja\/wp-json\/wp\/v2\/posts\/4353","targetHints":{"allow":["GET"]}}],"collection":[{"href":"https:\/\/www.montsegcastillo.com\/lacometaroja\/wp-json\/wp\/v2\/posts"}],"about":[{"href":"https:\/\/www.montsegcastillo.com\/lacometaroja\/wp-json\/wp\/v2\/types\/post"}],"author":[{"embeddable":true,"href":"https:\/\/www.montsegcastillo.com\/lacometaroja\/wp-json\/wp\/v2\/users\/1"}],"replies":[{"embeddable":true,"href":"https:\/\/www.montsegcastillo.com\/lacometaroja\/wp-json\/wp\/v2\/comments?post=4353"}],"version-history":[{"count":1,"href":"https:\/\/www.montsegcastillo.com\/lacometaroja\/wp-json\/wp\/v2\/posts\/4353\/revisions"}],"predecessor-version":[{"id":4356,"href":"https:\/\/www.montsegcastillo.com\/lacometaroja\/wp-json\/wp\/v2\/posts\/4353\/revisions\/4356"}],"wp:attachment":[{"href":"https:\/\/www.montsegcastillo.com\/lacometaroja\/wp-json\/wp\/v2\/media?parent=4353"}],"wp:term":[{"taxonomy":"category","embeddable":true,"href":"https:\/\/www.montsegcastillo.com\/lacometaroja\/wp-json\/wp\/v2\/categories?post=4353"},{"taxonomy":"post_tag","embeddable":true,"href":"https:\/\/www.montsegcastillo.com\/lacometaroja\/wp-json\/wp\/v2\/tags?post=4353"}],"curies":[{"name":"wp","href":"https:\/\/api.w.org\/{rel}","templated":true}]}}