{"id":4362,"date":"2015-10-14T22:33:27","date_gmt":"2015-10-14T22:33:27","guid":{"rendered":"http:\/\/www.montsegcastillo.com\/lacometaroja\/?p=4362"},"modified":"2026-09-03T12:13:31","modified_gmt":"2026-09-03T12:13:31","slug":"pablo-fuego","status":"publish","type":"post","link":"https:\/\/www.montsegcastillo.com\/lacometaroja\/deportes-de-contacto\/pablo-fuego\/","title":{"rendered":"Pablo Fuego"},"content":{"rendered":"<p style=\"text-align: justify;\">Despu\u00e9s de 7 a\u00f1os entre las cuerdas hay algo que todav\u00eda sigue sorprendi\u00e9ndome. Ver en cada retrato como algunos boxeadores transforman su forma de ser, su f\u00edsico. su habilidad, su fuerza y dejar constancia de ello. La inmensa mayor\u00eda ven ese cambio cuando estos deportistas pasan a denominarse <em>profesionales<\/em>\u00a0porque los miran con otros ojos,<em>\u00a0<\/em>pero pocos son conscientes del proceso de transformaci\u00f3n.<br \/>\nPosiblemente ese sea uno de los motivos que me mantienen fiel a\u00a0los deportes de contacto.<\/p>\n<p style=\"text-align: center;\"><strong>Pablo Fuego, Boxeador profesional del peso s\u00faper ligero poco antes de disputar el cintur\u00f3n WBC Latino<\/strong><\/p>\n<p style=\"text-align: center;\"><a href=\"http:\/\/www.montsegcastillo.com\/lacometaroja\/wp-content\/uploads\/2015\/10\/PABLO_FUEGO_141015_0011.jpg\"><img loading=\"lazy\" decoding=\"async\" class=\"aligncenter size-full wp-image-4363\" src=\"http:\/\/www.montsegcastillo.com\/lacometaroja\/wp-content\/uploads\/2015\/10\/PABLO_FUEGO_141015_0011.jpg\" alt=\"PABLO_FUEGO_141015_0011\" width=\"1000\" height=\"955\" srcset=\"https:\/\/www.montsegcastillo.com\/lacometaroja\/wp-content\/uploads\/2015\/10\/PABLO_FUEGO_141015_0011.jpg 1000w, https:\/\/www.montsegcastillo.com\/lacometaroja\/wp-content\/uploads\/2015\/10\/PABLO_FUEGO_141015_0011-300x287.jpg 300w\" sizes=\"auto, (max-width: 1000px) 100vw, 1000px\" \/><\/a><\/p>\n<p style=\"text-align: center;\">Fotograf\u00eda y Texto \u00a9 Montse Castillo<\/p>\n","protected":false},"excerpt":{"rendered":"<p>Despu\u00e9s de 7 a\u00f1os entre las cuerdas hay algo que todav\u00eda sigue sorprendi\u00e9ndome. Ver en cada retrato como algunos boxeadores transforman su forma de ser, su f\u00edsico. su habilidad, su fuerza y dejar constancia de ello. La inmensa mayor\u00eda ven ese cambio cuando estos deportistas pasan a denominarse profesionales\u00a0porque los miran con otros ojos,\u00a0pero pocos &#8230; <span class=\"more\"><a class=\"more-link\" href=\"https:\/\/www.montsegcastillo.com\/lacometaroja\/deportes-de-contacto\/pablo-fuego\/\">[Read more&#8230;]<\/a><\/span><\/p>\n","protected":false},"author":1,"featured_media":0,"comment_status":"closed","ping_status":"closed","sticky":false,"template":"","format":"standard","meta":{"ngg_post_thumbnail":0,"_jetpack_newsletter_access":"","_jetpack_dont_email_post_to_subs":false,"_jetpack_newsletter_tier_id":0,"_jetpack_memberships_contains_paywalled_content":false,"_jetpack_feature_clip_id":0,"_jetpack_memberships_contains_paid_content":false,"footnotes":"","jetpack_publicize_message":"","jetpack_publicize_feature_enabled":true,"jetpack_social_post_already_shared":false,"jetpack_social_options":{"image_generator_settings":{"template":"highway","default_image_id":0,"font":"","enabled":false},"version":2},"jetpack_post_was_ever_published":false},"categories":[7,8],"tags":[],"class_list":["entry","post","publish","author-admin","post-4362","format-standard","category-deportes-de-contacto","category-retrato"],"jetpack_publicize_connections":[],"jetpack_sharing_enabled":true,"jetpack_shortlink":"https:\/\/wp.me\/p4YOqD-18m","jetpack_featured_media_url":"","_links":{"self":[{"href":"https:\/\/www.montsegcastillo.com\/lacometaroja\/wp-json\/wp\/v2\/posts\/4362","targetHints":{"allow":["GET"]}}],"collection":[{"href":"https:\/\/www.montsegcastillo.com\/lacometaroja\/wp-json\/wp\/v2\/posts"}],"about":[{"href":"https:\/\/www.montsegcastillo.com\/lacometaroja\/wp-json\/wp\/v2\/types\/post"}],"author":[{"embeddable":true,"href":"https:\/\/www.montsegcastillo.com\/lacometaroja\/wp-json\/wp\/v2\/users\/1"}],"replies":[{"embeddable":true,"href":"https:\/\/www.montsegcastillo.com\/lacometaroja\/wp-json\/wp\/v2\/comments?post=4362"}],"version-history":[{"count":6,"href":"https:\/\/www.montsegcastillo.com\/lacometaroja\/wp-json\/wp\/v2\/posts\/4362\/revisions"}],"predecessor-version":[{"id":4369,"href":"https:\/\/www.montsegcastillo.com\/lacometaroja\/wp-json\/wp\/v2\/posts\/4362\/revisions\/4369"}],"wp:attachment":[{"href":"https:\/\/www.montsegcastillo.com\/lacometaroja\/wp-json\/wp\/v2\/media?parent=4362"}],"wp:term":[{"taxonomy":"category","embeddable":true,"href":"https:\/\/www.montsegcastillo.com\/lacometaroja\/wp-json\/wp\/v2\/categories?post=4362"},{"taxonomy":"post_tag","embeddable":true,"href":"https:\/\/www.montsegcastillo.com\/lacometaroja\/wp-json\/wp\/v2\/tags?post=4362"}],"curies":[{"name":"wp","href":"https:\/\/api.w.org\/{rel}","templated":true}]}}