{"id":71,"date":"2013-04-20T19:23:00","date_gmt":"2013-04-20T19:23:00","guid":{"rendered":"http:\/\/www.montsegcastillo.com\/lacometaroja\/uncategorized\/el-diamante-campeon-del-titulo-mundial-latino-wbf-del-peso-welter\/"},"modified":"2026-09-03T12:13:31","modified_gmt":"2026-09-03T12:13:31","slug":"el-diamante-campeon-del-titulo-mundial-latino-wbf-del-peso-welter","status":"publish","type":"post","link":"https:\/\/www.montsegcastillo.com\/lacometaroja\/trabajo\/el-diamante-campeon-del-titulo-mundial-latino-wbf-del-peso-welter\/","title":{"rendered":"El Diamante campe\u00f3n del T\u00edtulo Mundial Latino WBF del peso welter"},"content":{"rendered":"<div style=\"text-align: center;\">Aitor \u00abEl Diamante\u00bb Nieto actual campe\u00f3n del T\u00edtulo Mundial Latino WBF del peso Welter.<br \/>\nEnhorabuena Campe\u00f3n !!!<\/div>\n<div style=\"text-align: center;\"><\/div>\n<div style=\"clear: both; text-align: center;\"><a href=\"http:\/\/www.montsegcastillo.com\/lacometaroja\/wp-content\/uploads\/2013\/04\/WBF_190413_2873.jpg\"><img loading=\"lazy\" decoding=\"async\" class=\"aligncenter size-full wp-image-393\" src=\"http:\/\/www.montsegcastillo.com\/lacometaroja\/wp-content\/uploads\/2013\/04\/WBF_190413_2873.jpg\" alt=\"WBF_190413_2873\" width=\"1024\" height=\"1024\" srcset=\"https:\/\/www.montsegcastillo.com\/lacometaroja\/wp-content\/uploads\/2013\/04\/WBF_190413_2873.jpg 1024w, https:\/\/www.montsegcastillo.com\/lacometaroja\/wp-content\/uploads\/2013\/04\/WBF_190413_2873-150x150.jpg 150w, https:\/\/www.montsegcastillo.com\/lacometaroja\/wp-content\/uploads\/2013\/04\/WBF_190413_2873-300x300.jpg 300w, https:\/\/www.montsegcastillo.com\/lacometaroja\/wp-content\/uploads\/2013\/04\/WBF_190413_2873-326x326.jpg 326w, https:\/\/www.montsegcastillo.com\/lacometaroja\/wp-content\/uploads\/2013\/04\/WBF_190413_2873-700x700.jpg 700w\" sizes=\"auto, (max-width: 1024px) 100vw, 1024px\" \/><\/a><\/div>\n<div style=\"clear: both; text-align: center;\"><\/div>\n<div style=\"clear: both; text-align: center;\">\u00a0<a href=\"http:\/\/www.montsegcastillo.com\/lacometaroja\/wp-content\/uploads\/2013\/04\/campeon.jpg\"><img loading=\"lazy\" decoding=\"async\" class=\"aligncenter size-full wp-image-394\" src=\"http:\/\/www.montsegcastillo.com\/lacometaroja\/wp-content\/uploads\/2013\/04\/campeon.jpg\" alt=\"campeon\" width=\"1024\" height=\"1024\" srcset=\"https:\/\/www.montsegcastillo.com\/lacometaroja\/wp-content\/uploads\/2013\/04\/campeon.jpg 1024w, https:\/\/www.montsegcastillo.com\/lacometaroja\/wp-content\/uploads\/2013\/04\/campeon-150x150.jpg 150w, https:\/\/www.montsegcastillo.com\/lacometaroja\/wp-content\/uploads\/2013\/04\/campeon-300x300.jpg 300w, https:\/\/www.montsegcastillo.com\/lacometaroja\/wp-content\/uploads\/2013\/04\/campeon-326x326.jpg 326w, https:\/\/www.montsegcastillo.com\/lacometaroja\/wp-content\/uploads\/2013\/04\/campeon-700x700.jpg 700w\" sizes=\"auto, (max-width: 1024px) 100vw, 1024px\" \/><\/a><\/div>\n<div style=\"text-align: center;\"><\/div>\n<div style=\"text-align: center;\">Fotograf\u00eda: Montse Castillo<\/div>\n<div><\/div>\n","protected":false},"excerpt":{"rendered":"<p>Aitor \u00abEl Diamante\u00bb Nieto actual campe\u00f3n del T\u00edtulo Mundial Latino WBF del peso Welter. Enhorabuena Campe\u00f3n !!! \u00a0 Fotograf\u00eda: Montse Castillo<\/p>\n","protected":false},"author":1,"featured_media":393,"comment_status":"closed","ping_status":"open","sticky":false,"template":"","format":"standard","meta":{"ngg_post_thumbnail":0,"_jetpack_newsletter_access":"","_jetpack_dont_email_post_to_subs":false,"_jetpack_newsletter_tier_id":0,"_jetpack_memberships_contains_paywalled_content":false,"_jetpack_feature_clip_id":0,"_jetpack_memberships_contains_paid_content":false,"footnotes":"","jetpack_publicize_message":"","jetpack_publicize_feature_enabled":true,"jetpack_social_post_already_shared":false,"jetpack_social_options":{"image_generator_settings":{"template":"highway","default_image_id":0,"font":"","enabled":false},"version":2},"jetpack_post_was_ever_published":false},"categories":[9,7,12,6],"tags":[],"class_list":["entry","post","publish","author-admin","post-71","format-standard","has-post-thumbnail","category-color","category-deportes-de-contacto","category-reportaje","category-trabajo"],"jetpack_publicize_connections":[],"jetpack_sharing_enabled":true,"jetpack_shortlink":"https:\/\/wp.me\/p4YOqD-19","jetpack_featured_media_url":"https:\/\/www.montsegcastillo.com\/lacometaroja\/wp-content\/uploads\/2013\/04\/WBF_190413_2873.jpg","_links":{"self":[{"href":"https:\/\/www.montsegcastillo.com\/lacometaroja\/wp-json\/wp\/v2\/posts\/71","targetHints":{"allow":["GET"]}}],"collection":[{"href":"https:\/\/www.montsegcastillo.com\/lacometaroja\/wp-json\/wp\/v2\/posts"}],"about":[{"href":"https:\/\/www.montsegcastillo.com\/lacometaroja\/wp-json\/wp\/v2\/types\/post"}],"author":[{"embeddable":true,"href":"https:\/\/www.montsegcastillo.com\/lacometaroja\/wp-json\/wp\/v2\/users\/1"}],"replies":[{"embeddable":true,"href":"https:\/\/www.montsegcastillo.com\/lacometaroja\/wp-json\/wp\/v2\/comments?post=71"}],"version-history":[{"count":3,"href":"https:\/\/www.montsegcastillo.com\/lacometaroja\/wp-json\/wp\/v2\/posts\/71\/revisions"}],"predecessor-version":[{"id":1915,"href":"https:\/\/www.montsegcastillo.com\/lacometaroja\/wp-json\/wp\/v2\/posts\/71\/revisions\/1915"}],"wp:featuredmedia":[{"embeddable":true,"href":"https:\/\/www.montsegcastillo.com\/lacometaroja\/wp-json\/wp\/v2\/media\/393"}],"wp:attachment":[{"href":"https:\/\/www.montsegcastillo.com\/lacometaroja\/wp-json\/wp\/v2\/media?parent=71"}],"wp:term":[{"taxonomy":"category","embeddable":true,"href":"https:\/\/www.montsegcastillo.com\/lacometaroja\/wp-json\/wp\/v2\/categories?post=71"},{"taxonomy":"post_tag","embeddable":true,"href":"https:\/\/www.montsegcastillo.com\/lacometaroja\/wp-json\/wp\/v2\/tags?post=71"}],"curies":[{"name":"wp","href":"https:\/\/api.w.org\/{rel}","templated":true}]}}