{"id":99,"date":"2012-11-01T23:50:00","date_gmt":"2012-11-01T23:50:00","guid":{"rendered":"http:\/\/www.montsegcastillo.com\/lacometaroja\/uncategorized\/piedritas-en-la-ventana\/"},"modified":"2026-09-03T12:13:32","modified_gmt":"2026-09-03T12:13:32","slug":"piedritas-en-la-ventana","status":"publish","type":"post","link":"https:\/\/www.montsegcastillo.com\/lacometaroja\/byn\/piedritas-en-la-ventana\/","title":{"rendered":"Piedritas en la ventana"},"content":{"rendered":"<div style=\"clear: both; text-align: center;\"><a href=\"http:\/\/www.montsegcastillo.com\/lacometaroja\/wp-content\/uploads\/2012\/11\/Hada-de-alas-rotas_0013.jpg\" style=\"margin-left: 1em; margin-right: 1em;\"><img loading=\"lazy\" decoding=\"async\" border=\"0\" height=\"400\" src=\"http:\/\/www.montsegcastillo.com\/lacometaroja\/wp-content\/uploads\/2012\/11\/Hada-de-alas-rotas_0013-300x300.jpg\" width=\"400\" \/><\/a><\/div>\n<div style=\"text-align: center;\">De vez en cuando la alegr\u00eda<br \/>tira piedritas contra mi ventana<br \/>quiere avisarme que esta ah\u00ed esperando<br \/>pero me siento calmo<br \/>casi dir\u00eda ecu\u00e1nime<br \/>voy a guardar la angustia en un escondite<br \/>y luego a tenderme la cara al techo<br \/>que es una posici\u00f3n gallarda y c\u00f3moda<br \/>para filtrar noticias y creerlas<br \/>quien sabe donde quedan mis pr\u00f3ximas huellas<br \/>ni cuando mi historia va a ser computada<br \/>quien sabe que consejos voy a inventar aun<br \/>y que atajo hallare para no seguirlos<br \/>esta bien no jugare al desahucio<br \/>no tatuare el recuerdo con olvidos<br \/>mucho queda por decir y callar<br \/>y tambi\u00e9n quedan uvas para llenar la boca<br \/>esta bien me doy por persuadido<br \/>que la alegr\u00eda no tire mas piedras<br \/>abrir\u00e9 la ventana.<\/div>\n<div style=\"text-align: center;\"><\/div>\n<div style=\"text-align: center;\"><span style=\"font-size: x-small;\">Fotograf\u00eda: Montse Castillo \/ Texto: Mario Benedetti <\/span><\/div>\n<div>La Cometa Roja se traslada a: http:\/\/lacometarojademontsecastillo.wordpress.com<\/div>\n","protected":false},"excerpt":{"rendered":"<p>De vez en cuando la alegr\u00edatira piedritas contra mi ventanaquiere avisarme que esta ah\u00ed esperandopero me siento calmocasi dir\u00eda ecu\u00e1nimevoy a guardar la angustia en un esconditey luego a tenderme la cara al techoque es una posici\u00f3n gallarda y c\u00f3modapara filtrar noticias y creerlasquien sabe donde quedan mis pr\u00f3ximas huellasni cuando mi historia va a &#8230; <span class=\"more\"><a class=\"more-link\" href=\"https:\/\/www.montsegcastillo.com\/lacometaroja\/byn\/piedritas-en-la-ventana\/\">[Read more&#8230;]<\/a><\/span><\/p>\n","protected":false},"author":1,"featured_media":0,"comment_status":"closed","ping_status":"open","sticky":false,"template":"","format":"standard","meta":{"ngg_post_thumbnail":0,"_jetpack_newsletter_access":"","_jetpack_dont_email_post_to_subs":false,"_jetpack_newsletter_tier_id":0,"_jetpack_memberships_contains_paywalled_content":false,"_jetpack_feature_clip_id":0,"_jetpack_memberships_contains_paid_content":false,"footnotes":"","jetpack_publicize_message":"","jetpack_publicize_feature_enabled":true,"jetpack_social_post_already_shared":false,"jetpack_social_options":{"image_generator_settings":{"template":"highway","default_image_id":0,"font":"","enabled":false},"version":2},"jetpack_post_was_ever_published":false},"categories":[5,19,16],"tags":[],"class_list":["entry","post","publish","author-admin","post-99","format-standard","category-byn","category-historias","category-personal"],"jetpack_publicize_connections":[],"jetpack_sharing_enabled":true,"jetpack_shortlink":"https:\/\/wp.me\/p4YOqD-1B","jetpack_featured_media_url":"","_links":{"self":[{"href":"https:\/\/www.montsegcastillo.com\/lacometaroja\/wp-json\/wp\/v2\/posts\/99","targetHints":{"allow":["GET"]}}],"collection":[{"href":"https:\/\/www.montsegcastillo.com\/lacometaroja\/wp-json\/wp\/v2\/posts"}],"about":[{"href":"https:\/\/www.montsegcastillo.com\/lacometaroja\/wp-json\/wp\/v2\/types\/post"}],"author":[{"embeddable":true,"href":"https:\/\/www.montsegcastillo.com\/lacometaroja\/wp-json\/wp\/v2\/users\/1"}],"replies":[{"embeddable":true,"href":"https:\/\/www.montsegcastillo.com\/lacometaroja\/wp-json\/wp\/v2\/comments?post=99"}],"version-history":[{"count":1,"href":"https:\/\/www.montsegcastillo.com\/lacometaroja\/wp-json\/wp\/v2\/posts\/99\/revisions"}],"predecessor-version":[{"id":1441,"href":"https:\/\/www.montsegcastillo.com\/lacometaroja\/wp-json\/wp\/v2\/posts\/99\/revisions\/1441"}],"wp:attachment":[{"href":"https:\/\/www.montsegcastillo.com\/lacometaroja\/wp-json\/wp\/v2\/media?parent=99"}],"wp:term":[{"taxonomy":"category","embeddable":true,"href":"https:\/\/www.montsegcastillo.com\/lacometaroja\/wp-json\/wp\/v2\/categories?post=99"},{"taxonomy":"post_tag","embeddable":true,"href":"https:\/\/www.montsegcastillo.com\/lacometaroja\/wp-json\/wp\/v2\/tags?post=99"}],"curies":[{"name":"wp","href":"https:\/\/api.w.org\/{rel}","templated":true}]}}